{"id":181,"count":1,"description":"","link":"https:\/\/elpueblo.com.do\/etiquetas\/raquel-pena-dice-desarrollara-politicas-que-reduzcan-desigualad-social\/","name":"Raquel Pe\u00f1a dice desarrollar\u00e1 pol\u00edticas que reduzcan desigualad social","slug":"raquel-pena-dice-desarrollara-politicas-que-reduzcan-desigualad-social","taxonomy":"post_tag","meta":[],"_links":{"self":[{"href":"https:\/\/elpueblo.com.do\/api-json\/wp\/v2\/tags\/181","targetHints":{"allow":["GET"]}}],"collection":[{"href":"https:\/\/elpueblo.com.do\/api-json\/wp\/v2\/tags"}],"about":[{"href":"https:\/\/elpueblo.com.do\/api-json\/wp\/v2\/taxonomies\/post_tag"}],"wp:post_type":[{"href":"https:\/\/elpueblo.com.do\/api-json\/wp\/v2\/posts?tags=181"}],"curies":[{"name":"wp","href":"https:\/\/api.w.org\/{rel}","templated":true}]}}