{"id":998,"date":"2020-05-18T10:33:43","date_gmt":"2020-05-18T14:33:43","guid":{"rendered":"https:\/\/elpueblo.com.do\/?p=998"},"modified":"2020-05-18T10:33:47","modified_gmt":"2020-05-18T14:33:47","slug":"leonel-dice-no-hay-acuerdo-con-el-amigo-amable-para-candidatura-a-senador-por-la-altagracia","status":"publish","type":"post","link":"https:\/\/elpueblo.com.do\/actualidad\/politica\/leonel-dice-no-hay-acuerdo-con-el-amigo-amable-para-candidatura-a-senador-por-la-altagracia\/998\/","title":{"rendered":"Leonel dice no hay acuerdo con el \u201camigo Amable\u201d para candidatura a senador por La Altagracia"},"content":{"rendered":"\n<p><strong>Santo Domingo, RD<\/strong><\/p>\n\n\n\n<p>El candidato presidencial de partido Fuerza del Pueblo (FP), Leonel Fern\u00e1ndez, confirm\u00f3 este domingo que no tiene acuerdo con Amable Aristy Castro para la candidatura a senador por La Altagracia, luego que este \u00faltimo rompiera su alianza con el Partido de la Liberaci\u00f3n Dominicana.<\/p>\n\n\n\n<p>Fern\u00e1ndez dijo que el candidato de FP en esa demarcaci\u00f3n es Virgilio Ceda\u00f1o, en una alianza con el Partido Revolucionario Moderno. \u201cEl panorama se est\u00e1 despejando para que el senador sea Virgilio Cedano\u201d.<\/p>\n\n\n\n<p>Agreg\u00f3 que en El Seibo un grupo de dirigentes del Partido Reformista Liberal (PRL), que preside Aristy Castro, renunci\u00f3 a esa organizaci\u00f3n para apoyar a la Fuerza del Pueblo, pero que no hay alianza, sino que fue de forma voluntaria.<\/p>\n\n\n\n<p>&nbsp;\u201cPero no se trata un cuerdo formal con nuestro amigo Amable\u201d, sino que esas personas renunciaron para apoyar a Fuerza del Pueblo.<\/p>\n","protected":false},"excerpt":{"rendered":"<p>Santo Domingo, RD El candidato presidencial de partido Fuerza del Pueblo (FP), Leonel Fern\u00e1ndez, confirm\u00f3 este domingo que no tiene acuerdo con Amable Aristy Castro para la candidatura a senador por La Altagracia, luego que este \u00faltimo rompiera su alianza con el Partido de la Liberaci\u00f3n Dominicana. Fern\u00e1ndez dijo que el candidato de FP en [&hellip;]<\/p>\n","protected":false},"author":2,"featured_media":999,"comment_status":"open","ping_status":"open","sticky":true,"template":"","format":"standard","meta":{"footnotes":""},"categories":[34],"tags":[221],"class_list":{"0":"post-998","1":"post","2":"type-post","3":"status-publish","4":"format-standard","5":"has-post-thumbnail","7":"category-politica","8":"tag-leonel-dice-no-hay-acuerdo-con-el-amigo-amable-para-candidatura-a-senador-por-la-altagracia"},"_links":{"self":[{"href":"https:\/\/elpueblo.com.do\/api-json\/wp\/v2\/posts\/998","targetHints":{"allow":["GET"]}}],"collection":[{"href":"https:\/\/elpueblo.com.do\/api-json\/wp\/v2\/posts"}],"about":[{"href":"https:\/\/elpueblo.com.do\/api-json\/wp\/v2\/types\/post"}],"author":[{"embeddable":true,"href":"https:\/\/elpueblo.com.do\/api-json\/wp\/v2\/users\/2"}],"replies":[{"embeddable":true,"href":"https:\/\/elpueblo.com.do\/api-json\/wp\/v2\/comments?post=998"}],"version-history":[{"count":0,"href":"https:\/\/elpueblo.com.do\/api-json\/wp\/v2\/posts\/998\/revisions"}],"wp:featuredmedia":[{"embeddable":true,"href":"https:\/\/elpueblo.com.do\/api-json\/wp\/v2\/media\/999"}],"wp:attachment":[{"href":"https:\/\/elpueblo.com.do\/api-json\/wp\/v2\/media?parent=998"}],"wp:term":[{"taxonomy":"category","embeddable":true,"href":"https:\/\/elpueblo.com.do\/api-json\/wp\/v2\/categories?post=998"},{"taxonomy":"post_tag","embeddable":true,"href":"https:\/\/elpueblo.com.do\/api-json\/wp\/v2\/tags?post=998"}],"curies":[{"name":"wp","href":"https:\/\/api.w.org\/{rel}","templated":true}]}}