{"id":995,"date":"2020-05-17T19:18:39","date_gmt":"2020-05-17T23:18:39","guid":{"rendered":"https:\/\/elpueblo.com.do\/?p=995"},"modified":"2020-05-17T19:18:43","modified_gmt":"2020-05-17T23:18:43","slug":"raquel-pena-asegura-planes-de-emergencia-dejan-huerfanos-a-clase-media","status":"publish","type":"post","link":"https:\/\/elpueblo.com.do\/actualidad\/raquel-pena-asegura-planes-de-emergencia-dejan-huerfanos-a-clase-media\/995\/","title":{"rendered":"Raquel Pe\u00f1a asegura planes de emergencia dejan hu\u00e9rfanos a clase media"},"content":{"rendered":"\n<p><strong>Anuncia plan de auxilio para el tren productivo mediante estrategia para mejorar la competitividad nacional.<\/strong><\/p>\n\n\n\n<p><strong>Santo Domingo. R.D<\/strong> -Raquel Pe\u00f1a, candidata vicepresidencial por el Partido  (PRM), asegur\u00f3 que los planes de emergencia destinados a paliar la crisis econ\u00f3mica producida por el desarrollo de la pandemia, han dejado en condici\u00f3n de orfandad a la clase media dominicana, a pesar de representar el principal motor de la econom\u00eda nacional.<\/p>\n\n\n\n<p>La profesora universitaria, al ser entrevistada por el abogado y pol\u00edtico Orlando Jorge Mera, en el programa televisivo (Lideres) que se transmite cada domingo por Color Visi\u00f3n, expres\u00f3 que ese importante sector econ\u00f3mico constituye 1.4 millones de peque\u00f1as y medianas empresas y que este gobierno no contempla ning\u00fan plan para aliviar la situaci\u00f3n por la que atraviesan.<\/p>\n\n\n\n<p>\u201cEsas peque\u00f1as y medianas empresas, que representan la pujante clase media de este pa\u00eds, constituyen el 40 por ciento del Producto Interno Bruto y emplean cerca de 2.5 millones de dominicanos, por lo que no se pueden quedar en el olvido\u201d agreg\u00f3.<\/p>\n\n\n\n<p>Asimismo, vaticin\u00f3 que la realidad econ\u00f3mica y social que recibir\u00e1 el gobierno de Abinader, ser\u00e1 un panorama de total descuido por parte de las actuales autoridades, por lo que, contemplan un plan de emergencia que acuda en auxilio del tren productivo, para mejorar la competitividad nacional basado en el consumo de la producci\u00f3n local.<\/p>\n\n\n\n<p>\u201cHay que hacer conciencia de lo importante que es consumir lo nuestro para darle respaldo a la producci\u00f3n y la industria nacional, incentivar la innovaci\u00f3n para fortalecer competitividad, brindar capacitaci\u00f3n tecnol\u00f3gica a los empleados y dise\u00f1ar formulas de simplificaci\u00f3n tributaria\u201d dijo Raquel Pe\u00f1a.<\/p>\n\n\n\n<p>En cuanto al Programa de Gobierno presentado por el PRM y su candidato presidencial para estas las elecciones de julio, la candidata dijo que con ello tanto el partido como el comando de campa\u00f1a est\u00e1n dando muestra de organizaci\u00f3n y planificaci\u00f3n, ya que, dise\u00f1aron un plan de gobierno acorde los nuevos tiempos y apegado a los mejores principios.<\/p>\n\n\n\n<p>Pe\u00f1a manifest\u00f3 que Luis Abinader en esta situaci\u00f3n de crisis que atraviesa el pa\u00eds, env\u00eda a los sectores que componen la vida nacional, un mensaje de compromiso y responsabilidad, muestra de la forma en que gobernar\u00e1n a partir de agosto pr\u00f3ximo y que el pa\u00eds tiene asegurado, que ellos est\u00e1n preparados para enfrentar todos los retos en las diferentes instancias.<\/p>\n","protected":false},"excerpt":{"rendered":"<p>Anuncia plan de auxilio para el tren productivo mediante estrategia para mejorar la competitividad nacional. Santo Domingo. R.D -Raquel Pe\u00f1a, candidata vicepresidencial por el Partido (PRM), asegur\u00f3 que los planes de emergencia destinados a paliar la crisis econ\u00f3mica producida por el desarrollo de la pandemia, han dejado en condici\u00f3n de orfandad a la clase media [&hellip;]<\/p>\n","protected":false},"author":2,"featured_media":996,"comment_status":"open","ping_status":"open","sticky":true,"template":"","format":"standard","meta":{"footnotes":""},"categories":[32,41,34],"tags":[220],"class_list":{"0":"post-995","1":"post","2":"type-post","3":"status-publish","4":"format-standard","5":"has-post-thumbnail","7":"category-actualidad","8":"category-economia","9":"category-politica","10":"tag-anuncia-plan-de-auxilio-para-el-tren-productivo-mediante-estrategia-para-mejorar-la-competitividad-nacional"},"_links":{"self":[{"href":"https:\/\/elpueblo.com.do\/api-json\/wp\/v2\/posts\/995","targetHints":{"allow":["GET"]}}],"collection":[{"href":"https:\/\/elpueblo.com.do\/api-json\/wp\/v2\/posts"}],"about":[{"href":"https:\/\/elpueblo.com.do\/api-json\/wp\/v2\/types\/post"}],"author":[{"embeddable":true,"href":"https:\/\/elpueblo.com.do\/api-json\/wp\/v2\/users\/2"}],"replies":[{"embeddable":true,"href":"https:\/\/elpueblo.com.do\/api-json\/wp\/v2\/comments?post=995"}],"version-history":[{"count":0,"href":"https:\/\/elpueblo.com.do\/api-json\/wp\/v2\/posts\/995\/revisions"}],"wp:featuredmedia":[{"embeddable":true,"href":"https:\/\/elpueblo.com.do\/api-json\/wp\/v2\/media\/996"}],"wp:attachment":[{"href":"https:\/\/elpueblo.com.do\/api-json\/wp\/v2\/media?parent=995"}],"wp:term":[{"taxonomy":"category","embeddable":true,"href":"https:\/\/elpueblo.com.do\/api-json\/wp\/v2\/categories?post=995"},{"taxonomy":"post_tag","embeddable":true,"href":"https:\/\/elpueblo.com.do\/api-json\/wp\/v2\/tags?post=995"}],"curies":[{"name":"wp","href":"https:\/\/api.w.org\/{rel}","templated":true}]}}