{"id":989,"date":"2020-05-17T11:02:10","date_gmt":"2020-05-17T15:02:10","guid":{"rendered":"https:\/\/elpueblo.com.do\/?p=989"},"modified":"2020-05-17T11:02:14","modified_gmt":"2020-05-17T15:02:14","slug":"ortiz-bosch-no-se-queda-callada-tras-declaraciones-de-ventura-camejo-sobre-margarita-cedeno-no-viola-leyes","status":"publish","type":"post","link":"https:\/\/elpueblo.com.do\/actualidad\/ortiz-bosch-no-se-queda-callada-tras-declaraciones-de-ventura-camejo-sobre-margarita-cedeno-no-viola-leyes\/989\/","title":{"rendered":"Ortiz Bosch no se queda callada tras declaraciones de Ventura Camejo sobre Margarita Cede\u00f1o no viola leyes"},"content":{"rendered":"\n<p>\u201cNo es por el ejercicio de sus funciones en el Gobierno que la doctora Margarita Cede\u00f1o de Fern\u00e1ndez debe tomar licencia, es por su condici\u00f3n de candidata a la vice presidencia de la Rep\u00fablica, tal como lo proponen varias leyes para cuidar el patrimonio p\u00fablico y democratizar el debate electoral en la Rep\u00fablica Dominicana\u201d, aclar\u00f3 la doctora Milagros Ortiz Bosch.<\/p>\n\n\n\n<p>Al mismo tiempo, la ex vicepresidenta de la Rep\u00fablica advirti\u00f3 al ministro de Administraci\u00f3n P\u00fablica que las normas que rigen esa cartera no est\u00e1n por encima de las leyes de Partidos y del R\u00e9gimen Electoral, que son posteriores a la ley 41-08 de la funci\u00f3n p\u00fablica y que por lo tanto se sobreponen a cualquier otra disposici\u00f3n que le sea contraria.<\/p>\n\n\n\n<p>\u201cTenemos la obligaci\u00f3n de recordarle al amigo Ram\u00f3n Ventura Camejo el principio jur\u00eddico que establece que en los conflictos contradictorios entre leyes, siempre prevalecer\u00e1 la de m\u00e1s reciente aprobaci\u00f3n\u201d, expres\u00f3 la ex senadora y alta dirigente del Partido Revolucionario Moderno.<\/p>\n\n\n\n<p>Y agreg\u00f3 que en su inter\u00e9s de justificar la rebeld\u00eda de la se\u00f1ora vicepresidenta, el ministro de administraci\u00f3n p\u00fablica utiliza convenientemente solo una parte del art\u00edculo 139 de la Ley del R\u00e9gimen Electoral, ignorando la parte que sustenta sus observaciones sobre las violaciones en que incurre la doctora Cede\u00f1o de Fern\u00e1ndez.<\/p>\n\n\n\n<p>En ese sentido cit\u00f3 el p\u00e1rrafo 2 del art\u00edculo 139 de la Ley Org\u00e1nica del R\u00e9gimen Electoral, que se refiere a la excepci\u00f3n a la obligatoriedad de la licencia y a seguidas establece las prohibiciones obligatorias para los exceptuados:<\/p>\n\n\n\n<p>\u201cPero no podr\u00e1n prevalerse de su condici\u00f3n en actos p\u00fablicos o ante medio de comunicaci\u00f3n, para no crear desigualdad frente a los dem\u00e1s candidatos. Estos funcionarios no podr\u00e1n, en las actividades propias de sus funciones, realizar manifestaciones de car\u00e1cter proselitista\u201d.<\/p>\n\n\n\n<p>Margarita Cede\u00f1o.<\/p>\n\n\n\n<p>Cita manifiesto violatorio de Margarita Cede\u00f1o<\/p>\n\n\n\n<p>Ortiz Bosch destac\u00f3 que el lunes 11 de mayo la doctora Cede\u00f1o de Fern\u00e1ndez proclam\u00f3 en un prestigioso medio de comunicaci\u00f3n del pa\u00eds: \u201cGanaremos porque somos el equipo m\u00e1s experimentado\u201d.<\/p>\n","protected":false},"excerpt":{"rendered":"<p>\u201cNo es por el ejercicio de sus funciones en el Gobierno que la doctora Margarita Cede\u00f1o de Fern\u00e1ndez debe tomar licencia, es por su condici\u00f3n de candidata a la vice presidencia de la Rep\u00fablica, tal como lo proponen varias leyes para cuidar el patrimonio p\u00fablico y democratizar el debate electoral en la Rep\u00fablica Dominicana\u201d, aclar\u00f3 [&hellip;]<\/p>\n","protected":false},"author":2,"featured_media":990,"comment_status":"open","ping_status":"open","sticky":true,"template":"","format":"standard","meta":{"footnotes":""},"categories":[32,34],"tags":[198],"class_list":{"0":"post-989","1":"post","2":"type-post","3":"status-publish","4":"format-standard","5":"has-post-thumbnail","7":"category-actualidad","8":"category-politica","9":"tag-ortiz-bosch-no-se-queda-callada-tras-declaraciones-de-ventura-camejo-sobre-margarita-cedeno-no-viola-leyes"},"_links":{"self":[{"href":"https:\/\/elpueblo.com.do\/api-json\/wp\/v2\/posts\/989","targetHints":{"allow":["GET"]}}],"collection":[{"href":"https:\/\/elpueblo.com.do\/api-json\/wp\/v2\/posts"}],"about":[{"href":"https:\/\/elpueblo.com.do\/api-json\/wp\/v2\/types\/post"}],"author":[{"embeddable":true,"href":"https:\/\/elpueblo.com.do\/api-json\/wp\/v2\/users\/2"}],"replies":[{"embeddable":true,"href":"https:\/\/elpueblo.com.do\/api-json\/wp\/v2\/comments?post=989"}],"version-history":[{"count":0,"href":"https:\/\/elpueblo.com.do\/api-json\/wp\/v2\/posts\/989\/revisions"}],"wp:featuredmedia":[{"embeddable":true,"href":"https:\/\/elpueblo.com.do\/api-json\/wp\/v2\/media\/990"}],"wp:attachment":[{"href":"https:\/\/elpueblo.com.do\/api-json\/wp\/v2\/media?parent=989"}],"wp:term":[{"taxonomy":"category","embeddable":true,"href":"https:\/\/elpueblo.com.do\/api-json\/wp\/v2\/categories?post=989"},{"taxonomy":"post_tag","embeddable":true,"href":"https:\/\/elpueblo.com.do\/api-json\/wp\/v2\/tags?post=989"}],"curies":[{"name":"wp","href":"https:\/\/api.w.org\/{rel}","templated":true}]}}