{"id":986,"date":"2020-05-16T21:19:00","date_gmt":"2020-05-17T01:19:00","guid":{"rendered":"https:\/\/elpueblo.com.do\/?p=986"},"modified":"2020-05-16T21:19:05","modified_gmt":"2020-05-17T01:19:05","slug":"presidente-de-la-fdc-sectores-esenciales-del-comercio-deben-reaperturarse-para-contribuir-al-real-distanciamiento-social-en-el-pais","status":"publish","type":"post","link":"https:\/\/elpueblo.com.do\/actualidad\/presidente-de-la-fdc-sectores-esenciales-del-comercio-deben-reaperturarse-para-contribuir-al-real-distanciamiento-social-en-el-pais\/986\/","title":{"rendered":"Presidente de la FDC: Sectores esenciales del comercio deben reaperturarse para contribuir al real distanciamiento social en el pa\u00eds"},"content":{"rendered":"\n<p>\u00abCasi dos millones de comerciantes y colaboradores, est\u00e1n disponibles, para sumar sus recursos y capacidades, a la tarea de socializar, las buenas pr\u00e1cticas y lecciones aprendidas, que promueve el Sistema Nacional de Salud, a fin de que a corto plazo se pueda controlar los efectos del COVID-19, en el pa\u00eds\u00bb, acorde a lo expresado por el Presidente de la Federaci\u00f3n Dominicana de Comerciantes del pa\u00eds, Ing. Iv\u00e1n Garc\u00eda, en su participaci\u00f3n en el programa La Utop\u00eda Riesgos Zero, que conduce el Arq. Gustavo Lara, por RNN, canal 27, este s\u00e1bado en la ma\u00f1ana.<\/p>\n\n\n\n<p>El Ing. Garc\u00edase\u00f1al\u00f3 que para contribuir al real distanciamiento social en Rep\u00fablica Dominicana, los sectores esenciales del comercio debenreaperturarse, solo es necesario que el Estado dominicano entienda, que contar con la actividad controlada de los comercios y MIPYMES es una gran oportunidad, no una amenaza.<\/p>\n\n\n\n<p>Indic\u00f3, tambi\u00e9n, que: \u00abEstamos en todo el territorio nacional, hemos socializado un plan de contingencia para la implementaci\u00f3n de las recomendaciones preventivas, y podemos asumir el compromiso para garantizar la sostenibilidad de estas acciones, a nivel comunitario, mientras el gobierno hace su parte.<\/p>\n\n\n\n<p>Garc\u00eda puntualiz\u00f3 que apoyar con la reaperturaes el respeto al derecho que tenemos, y garantizar que la inyecci\u00f3n de los recursos econ\u00f3micos (que ha puesto al servicio del Sistema Financiero Nacional), llegue a todos los comerciantes, y a las MIPYMES\u00bb.<\/p>\n","protected":false},"excerpt":{"rendered":"<p>\u00abCasi dos millones de comerciantes y colaboradores, est\u00e1n disponibles, para sumar sus recursos y capacidades, a la tarea de socializar, las buenas pr\u00e1cticas y lecciones aprendidas, que promueve el Sistema Nacional de Salud, a fin de que a corto plazo se pueda controlar los efectos del COVID-19, en el pa\u00eds\u00bb, acorde a lo expresado por [&hellip;]<\/p>\n","protected":false},"author":2,"featured_media":987,"comment_status":"open","ping_status":"open","sticky":true,"template":"","format":"standard","meta":{"footnotes":""},"categories":[32,41],"tags":[197],"class_list":{"0":"post-986","1":"post","2":"type-post","3":"status-publish","4":"format-standard","5":"has-post-thumbnail","7":"category-actualidad","8":"category-economia","9":"tag-presidente-de-la-fdc-sectores-esenciales-del-comercio-deben-reaperturarse-para-contribuir-al-real-distanciamiento-social-en-el-pais"},"_links":{"self":[{"href":"https:\/\/elpueblo.com.do\/api-json\/wp\/v2\/posts\/986","targetHints":{"allow":["GET"]}}],"collection":[{"href":"https:\/\/elpueblo.com.do\/api-json\/wp\/v2\/posts"}],"about":[{"href":"https:\/\/elpueblo.com.do\/api-json\/wp\/v2\/types\/post"}],"author":[{"embeddable":true,"href":"https:\/\/elpueblo.com.do\/api-json\/wp\/v2\/users\/2"}],"replies":[{"embeddable":true,"href":"https:\/\/elpueblo.com.do\/api-json\/wp\/v2\/comments?post=986"}],"version-history":[{"count":0,"href":"https:\/\/elpueblo.com.do\/api-json\/wp\/v2\/posts\/986\/revisions"}],"wp:featuredmedia":[{"embeddable":true,"href":"https:\/\/elpueblo.com.do\/api-json\/wp\/v2\/media\/987"}],"wp:attachment":[{"href":"https:\/\/elpueblo.com.do\/api-json\/wp\/v2\/media?parent=986"}],"wp:term":[{"taxonomy":"category","embeddable":true,"href":"https:\/\/elpueblo.com.do\/api-json\/wp\/v2\/categories?post=986"},{"taxonomy":"post_tag","embeddable":true,"href":"https:\/\/elpueblo.com.do\/api-json\/wp\/v2\/tags?post=986"}],"curies":[{"name":"wp","href":"https:\/\/api.w.org\/{rel}","templated":true}]}}