{"id":983,"date":"2020-05-16T21:14:21","date_gmt":"2020-05-17T01:14:21","guid":{"rendered":"https:\/\/elpueblo.com.do\/?p=983"},"modified":"2020-05-16T21:14:24","modified_gmt":"2020-05-17T01:14:24","slug":"abinader-sugiere-al-gobierno-plan-de-reapertura-de-las-empresas-del-pais","status":"publish","type":"post","link":"https:\/\/elpueblo.com.do\/actualidad\/politica\/abinader-sugiere-al-gobierno-plan-de-reapertura-de-las-empresas-del-pais\/983\/","title":{"rendered":"Abinader sugiere al gobierno plan de reapertura de las empresas del pa\u00eds"},"content":{"rendered":"\n<p>Por Rafael Gil<\/p>\n\n\n\n<p>Hig\u00fcey.-&nbsp;El candidato presidencial del Partido Revolucionario Moderno, Luis Abinader, dijo este s\u00e1bado que desde el principio de la pandemia de Coronavirus (COVID-19) le solicit\u00f3 al gobierno establecer una mesa de unidad nacional para conversar y discutir los temas con transparencia e inter\u00e9s nacional, pero no ha querido, ni tampoco ha conversado con los peque\u00f1os y medianos comerciantes.<\/p>\n\n\n\n<p>\u201cTenemos algunas grandes empresas abiertas, pero las peque\u00f1as y medianas empresas est\u00e1n cerradas, y hay muchas empresas que van a quebrar si no se les busca una salida; yo pienso que el gobierno tiene que que sentarse, tiene que hablar con todos los sectores\u2026 que establezca un plan de reapertura con todo el control que tiene que haber y tratar de hacer toda la prevenci\u00f3n necesaria y el protocolo sanitario\u201d, sostuvo el l\u00edder opositor.<\/p>\n\n\n\n<p>Abinader manifest\u00f3 que el gobierno debe garantizar que nadie pierda su empleo y que los trabajadores informales hagan un protocolo sanitario para poder reintegrarse a la reactivaci\u00f3n econ\u00f3mica.<\/p>\n\n\n\n<p>\u201c\u00bfPor qu\u00e9 el gobierno no conversa? \u00bfPor qu\u00e9 no habla con todos los sectores?\u201d, se pregunt\u00f3 el candidato presidencial de la oposici\u00f3n, al tiempo de repetir que el pa\u00eds est\u00e1 en una crisis, a la vez que reiter\u00f3 la responsabilidad que tiene el gobierno, seg\u00fan \u00e9l, de que ning\u00fan trabajador pierda su empleo.<\/p>\n\n\n\n<p>Las declaraciones las ofreci\u00f3 el candidato presidencial perreme\u00edsta a reporteros locales, quienes lo abordaron a su salida del Hospital General y de Especialidades Nuestra Se\u00f1ora de La Altagracia, en Salvale\u00f3n de Hig\u00fcey, a donde acudi\u00f3 al mediod\u00eda de este s\u00e1bado para entregar un donativo de equipos sanitarios para ser utilizados en la prevenci\u00f3n de la COVID-19.<\/p>\n\n\n\n<p><\/p>\n","protected":false},"excerpt":{"rendered":"<p>Por Rafael Gil Hig\u00fcey.-&nbsp;El candidato presidencial del Partido Revolucionario Moderno, Luis Abinader, dijo este s\u00e1bado que desde el principio de la pandemia de Coronavirus (COVID-19) le solicit\u00f3 al gobierno establecer una mesa de unidad nacional para conversar y discutir los temas con transparencia e inter\u00e9s nacional, pero no ha querido, ni tampoco ha conversado con [&hellip;]<\/p>\n","protected":false},"author":2,"featured_media":984,"comment_status":"open","ping_status":"open","sticky":true,"template":"","format":"standard","meta":{"footnotes":""},"categories":[41,34],"tags":[196],"class_list":{"0":"post-983","1":"post","2":"type-post","3":"status-publish","4":"format-standard","5":"has-post-thumbnail","7":"category-economia","8":"category-politica","9":"tag-abinader-sugiere-al-gobierno-plan-de-reapertura-de-las-empresas-del-pais"},"_links":{"self":[{"href":"https:\/\/elpueblo.com.do\/api-json\/wp\/v2\/posts\/983","targetHints":{"allow":["GET"]}}],"collection":[{"href":"https:\/\/elpueblo.com.do\/api-json\/wp\/v2\/posts"}],"about":[{"href":"https:\/\/elpueblo.com.do\/api-json\/wp\/v2\/types\/post"}],"author":[{"embeddable":true,"href":"https:\/\/elpueblo.com.do\/api-json\/wp\/v2\/users\/2"}],"replies":[{"embeddable":true,"href":"https:\/\/elpueblo.com.do\/api-json\/wp\/v2\/comments?post=983"}],"version-history":[{"count":0,"href":"https:\/\/elpueblo.com.do\/api-json\/wp\/v2\/posts\/983\/revisions"}],"wp:featuredmedia":[{"embeddable":true,"href":"https:\/\/elpueblo.com.do\/api-json\/wp\/v2\/media\/984"}],"wp:attachment":[{"href":"https:\/\/elpueblo.com.do\/api-json\/wp\/v2\/media?parent=983"}],"wp:term":[{"taxonomy":"category","embeddable":true,"href":"https:\/\/elpueblo.com.do\/api-json\/wp\/v2\/categories?post=983"},{"taxonomy":"post_tag","embeddable":true,"href":"https:\/\/elpueblo.com.do\/api-json\/wp\/v2\/tags?post=983"}],"curies":[{"name":"wp","href":"https:\/\/api.w.org\/{rel}","templated":true}]}}