{"id":980,"date":"2020-05-15T13:39:59","date_gmt":"2020-05-15T17:39:59","guid":{"rendered":"https:\/\/elpueblo.com.do\/?p=980"},"modified":"2020-05-15T13:40:03","modified_gmt":"2020-05-15T17:40:03","slug":"raquel-pena-programas-sociales-deben-incluir-trabajador-de-la-tierra","status":"publish","type":"post","link":"https:\/\/elpueblo.com.do\/actualidad\/politica\/raquel-pena-programas-sociales-deben-incluir-trabajador-de-la-tierra\/980\/","title":{"rendered":"Raquel Pe\u00f1a: \u201cProgramas sociales deben incluir trabajador de la tierra\u201d"},"content":{"rendered":"\n<p><strong>Rep\u00fablica Dominicana<\/strong>. <\/p>\n\n\n\n<p><strong>La candidata vicepresidencial perremeista, Raquel Pe\u00f1a, destac\u00f3, al celebrarse el d\u00eda nacional del agricultor, la importancia de crear mecanismos estatales que incluyan a los agricultores y sus familias en los programas de asistencia y seguridad social, como parte integral de las pol\u00edticas p\u00fablicas derivadas del gobierno del cambio.<\/strong><\/p>\n\n\n\n<p>En un amplio recorrido por la provincia San Jos\u00e9 de Ocoa, donde adem\u00e1s llev\u00f3 raciones alimentarias, equipos de protecci\u00f3n e insumos contra la propagaci\u00f3n del Covid-19, la compa\u00f1era de boleta de Luis Abinader, asegur\u00f3 que los trabajadores de la tierra, han sido duramente golpeados por la crisis sanitaria y abandonados a su suerte por las autoridades actuales.<\/p>\n\n\n\n<p>Pe\u00f1a, indic\u00f3, que el programa de gobierno de la formula opositora, contempla, mejorar sustancialmente la vida rural, y a\u00f1adi\u00f3, la promoci\u00f3n estrat\u00e9gica del ordenamiento territorial con el objetivo de zonificar e identificar las actividades agropecuarias y forestales, as\u00ed como, el manejo de las \u00e1reas protegidas, para aplicar t\u00e9cnicas de uso y protecci\u00f3n de suelo, a partir de la capacidad productiva de cada terreno.<\/p>\n\n\n\n<p>Al mismo tiempo, sugiri\u00f3 la creaci\u00f3n de un programa de incentivo directo a la producci\u00f3n agr\u00edcola, todo ello, para establecer por intermediaci\u00f3n del gobierno, un conjunto iniciativas dirigidas a la promoci\u00f3n y producci\u00f3n de la agricultura limpia, que cumpla con los est\u00e1ndares de comercializaci\u00f3n y colocaci\u00f3n en el mercado, genere beneficios y reduzca riesgos a los agricultores.<\/p>\n\n\n\n<p>\u201cEl gobierno que encabezar\u00e1 Abinader busca, entre otras coas, mejorar la producci\u00f3n agr\u00edcola con cultivos de alto valor comercial, favorecer el trabajador de la tierra, como ente esencial de desarrollo social y promover la inclusi\u00f3n de la familia rural a los programas de seguridad y asistencia social\u201d, Expres\u00f3 Raquel Pe\u00f1a.<\/p>\n\n\n\n<p>En otro orden, la aspirante, jurament\u00f3 en las filas perremeistas a los dirigentes ocoe\u00f1os, Cesar Segura alias (Gorito), Junior Encarnaci\u00f3n, Amaurys S\u00e1nchez y Luis Tejeda, quienes pertenec\u00edan al Partido Reformista y pasan a apoyar al candidato presidencial Luis Abinader del Partido Revolucionario Moderno.<\/p>\n","protected":false},"excerpt":{"rendered":"<p>Rep\u00fablica Dominicana. La candidata vicepresidencial perremeista, Raquel Pe\u00f1a, destac\u00f3, al celebrarse el d\u00eda nacional del agricultor, la importancia de crear mecanismos estatales que incluyan a los agricultores y sus familias en los programas de asistencia y seguridad social, como parte integral de las pol\u00edticas p\u00fablicas derivadas del gobierno del cambio. En un amplio recorrido por [&hellip;]<\/p>\n","protected":false},"author":2,"featured_media":981,"comment_status":"open","ping_status":"open","sticky":true,"template":"","format":"standard","meta":{"footnotes":""},"categories":[41,34],"tags":[195],"class_list":{"0":"post-980","1":"post","2":"type-post","3":"status-publish","4":"format-standard","5":"has-post-thumbnail","7":"category-economia","8":"category-politica","9":"tag-raquel-pena-programas-sociales-deben-incluir-trabajador-de-la-tierra"},"_links":{"self":[{"href":"https:\/\/elpueblo.com.do\/api-json\/wp\/v2\/posts\/980","targetHints":{"allow":["GET"]}}],"collection":[{"href":"https:\/\/elpueblo.com.do\/api-json\/wp\/v2\/posts"}],"about":[{"href":"https:\/\/elpueblo.com.do\/api-json\/wp\/v2\/types\/post"}],"author":[{"embeddable":true,"href":"https:\/\/elpueblo.com.do\/api-json\/wp\/v2\/users\/2"}],"replies":[{"embeddable":true,"href":"https:\/\/elpueblo.com.do\/api-json\/wp\/v2\/comments?post=980"}],"version-history":[{"count":0,"href":"https:\/\/elpueblo.com.do\/api-json\/wp\/v2\/posts\/980\/revisions"}],"wp:featuredmedia":[{"embeddable":true,"href":"https:\/\/elpueblo.com.do\/api-json\/wp\/v2\/media\/981"}],"wp:attachment":[{"href":"https:\/\/elpueblo.com.do\/api-json\/wp\/v2\/media?parent=980"}],"wp:term":[{"taxonomy":"category","embeddable":true,"href":"https:\/\/elpueblo.com.do\/api-json\/wp\/v2\/categories?post=980"},{"taxonomy":"post_tag","embeddable":true,"href":"https:\/\/elpueblo.com.do\/api-json\/wp\/v2\/tags?post=980"}],"curies":[{"name":"wp","href":"https:\/\/api.w.org\/{rel}","templated":true}]}}