{"id":977,"date":"2020-05-15T10:57:40","date_gmt":"2020-05-15T14:57:40","guid":{"rendered":"https:\/\/elpueblo.com.do\/?p=977"},"modified":"2020-05-15T10:57:44","modified_gmt":"2020-05-15T14:57:44","slug":"candidato-luis-abinader-hace-entrega-de-raciones-a-traves-de-la-ctc","status":"publish","type":"post","link":"https:\/\/elpueblo.com.do\/actualidad\/politica\/candidato-luis-abinader-hace-entrega-de-raciones-a-traves-de-la-ctc\/977\/","title":{"rendered":"Candidato Luis Abinader hace entrega de raciones a trav\u00e9s de la CTC"},"content":{"rendered":"\n<p><strong>El candidato presidencial por el Partido Revolucionario Moderno (PRM), Luis Abinader, a trav\u00e9s de La Comisi\u00f3n T\u00e9cnica para el Cambio (C.T.C.) hizo entrega de raciones alimenticias a las nuevas autoridades de la comunidad Comedero Arriba, de la provincia Juan S\u00e1nchez Ram\u00edrez.<\/strong> <\/p>\n\n\n\n<p>La distribuci\u00f3n de esta donaci\u00f3n ser\u00e1 realizada a trav\u00e9s de las iglesias, con el prop\u00f3sito de garantizar el orden y evitar aglomeraciones de personas que pongan en peligro a la salud de la comunidad.<\/p>\n\n\n\n<p>Roberto Herrera, coordinador de la C.T.C. estuvo presente supervisando la log\u00edstica de distribuci\u00f3n de las raciones, y qued\u00f3 gratamente complacido, al presenciar c\u00f3mo el alcalde de la comunidad, Mart\u00edn Rosa Reyes, hab\u00eda organizado las entregas de una manera en la que las raciones pudieran llegar a los m\u00e1s necesitados, sin importar la preferencia pol\u00edtica, siguiendo el ejemplo de su l\u00edder y candidato a la presidencia, Luis Abinader.<\/p>\n\n\n\n<p>Mart\u00edn Rosa Reyes fue candidato por el Partido Revolucionario Moderno, ganando las pasadas elecciones con un amplio margen de ventaja, ya que consigui\u00f3 el triunfo con el 59.70% de los votos de su comunidad.<\/p>\n","protected":false},"excerpt":{"rendered":"<p>El candidato presidencial por el Partido Revolucionario Moderno (PRM), Luis Abinader, a trav\u00e9s de La Comisi\u00f3n T\u00e9cnica para el Cambio (C.T.C.) hizo entrega de raciones alimenticias a las nuevas autoridades de la comunidad Comedero Arriba, de la provincia Juan S\u00e1nchez Ram\u00edrez. La distribuci\u00f3n de esta donaci\u00f3n ser\u00e1 realizada a trav\u00e9s de las iglesias, con el [&hellip;]<\/p>\n","protected":false},"author":2,"featured_media":978,"comment_status":"open","ping_status":"open","sticky":true,"template":"","format":"standard","meta":{"footnotes":""},"categories":[34],"tags":[194],"class_list":{"0":"post-977","1":"post","2":"type-post","3":"status-publish","4":"format-standard","5":"has-post-thumbnail","7":"category-politica","8":"tag-candidato-luis-abinader-hace-entrega-de-raciones-a-traves-de-la-ctc"},"_links":{"self":[{"href":"https:\/\/elpueblo.com.do\/api-json\/wp\/v2\/posts\/977","targetHints":{"allow":["GET"]}}],"collection":[{"href":"https:\/\/elpueblo.com.do\/api-json\/wp\/v2\/posts"}],"about":[{"href":"https:\/\/elpueblo.com.do\/api-json\/wp\/v2\/types\/post"}],"author":[{"embeddable":true,"href":"https:\/\/elpueblo.com.do\/api-json\/wp\/v2\/users\/2"}],"replies":[{"embeddable":true,"href":"https:\/\/elpueblo.com.do\/api-json\/wp\/v2\/comments?post=977"}],"version-history":[{"count":0,"href":"https:\/\/elpueblo.com.do\/api-json\/wp\/v2\/posts\/977\/revisions"}],"wp:featuredmedia":[{"embeddable":true,"href":"https:\/\/elpueblo.com.do\/api-json\/wp\/v2\/media\/978"}],"wp:attachment":[{"href":"https:\/\/elpueblo.com.do\/api-json\/wp\/v2\/media?parent=977"}],"wp:term":[{"taxonomy":"category","embeddable":true,"href":"https:\/\/elpueblo.com.do\/api-json\/wp\/v2\/categories?post=977"},{"taxonomy":"post_tag","embeddable":true,"href":"https:\/\/elpueblo.com.do\/api-json\/wp\/v2\/tags?post=977"}],"curies":[{"name":"wp","href":"https:\/\/api.w.org\/{rel}","templated":true}]}}