{"id":972,"date":"2020-05-14T22:31:27","date_gmt":"2020-05-15T02:31:27","guid":{"rendered":"https:\/\/elpueblo.com.do\/?p=972"},"modified":"2020-05-14T22:31:31","modified_gmt":"2020-05-15T02:31:31","slug":"sector-externo-luis-abinader-juramenta-movimientos-apoyaban-al-pld-y-a-ranfis-dominguez-trujillo","status":"publish","type":"post","link":"https:\/\/elpueblo.com.do\/actualidad\/politica\/sector-externo-luis-abinader-juramenta-movimientos-apoyaban-al-pld-y-a-ranfis-dominguez-trujillo\/972\/","title":{"rendered":"Sector Externo Luis Abinader juramenta movimientos apoyaban al PLD y a Ranfis Dom\u00ednguez Trujillo"},"content":{"rendered":"\n<p><strong>Santo Domingo<\/strong>.-El Sector Externo, en apoyo a la candidatura presidencial de Luis Abinader, juramento este mi\u00e9rcoles, de la mano de su Coordinador General Dr. Santiago Hazim, a decenas de personas pertenecientes a movimientos que apoyaban las candidaturas presidenciales por el Partido de la Liberaci\u00f3n Dominicana (PLD) y la de Ranfis Dom\u00ednguez Trujillo.<img decoding=\"async\" width=\"150\" height=\"100\" class=\"wp-image-974 lazyload\" style=\"--smush-placeholder-width: 150px; --smush-placeholder-aspect-ratio: 150\/100;width: 150px;\" data-src=\"https:\/\/elpueblo.com.do\/archivos\/2020\/05\/IMG-20200514-WA0197.jpg\" alt=\"\" data-srcset=\"https:\/\/elpueblo.com.do\/archivos\/2020\/05\/IMG-20200514-WA0197.jpg 1280w, https:\/\/elpueblo.com.do\/sources\/smush-webp\/2020\/05\/IMG-20200514-WA0197-300x200.jpg.webp 300w, https:\/\/elpueblo.com.do\/sources\/smush-webp\/2020\/05\/IMG-20200514-WA0197-1024x682.jpg.webp 1024w, https:\/\/elpueblo.com.do\/sources\/smush-webp\/2020\/05\/IMG-20200514-WA0197-768x512.jpg.webp 768w, https:\/\/elpueblo.com.do\/sources\/smush-webp\/2020\/05\/IMG-20200514-WA0197-696x464.jpg.webp 696w, https:\/\/elpueblo.com.do\/sources\/smush-webp\/2020\/05\/IMG-20200514-WA0197-1068x712.jpg.webp 1068w, https:\/\/elpueblo.com.do\/sources\/smush-webp\/2020\/05\/IMG-20200514-WA0197-630x420.jpg.webp 630w\" data-sizes=\"(max-width: 150px) 100vw, 150px\" src=\"data:image\/svg+xml;base64,PHN2ZyB3aWR0aD0iMSIgaGVpZ2h0PSIxIiB4bWxucz0iaHR0cDovL3d3dy53My5vcmcvMjAwMC9zdmciPjwvc3ZnPg==\" data-smush-webp-fallback=\"{&quot;data-srcset&quot;:&quot;https:\\\/\\\/elpueblo.com.do\\\/wp-content\\\/uploads\\\/2020\\\/05\\\/IMG-20200514-WA0197.jpg 1280w, https:\\\/\\\/elpueblo.com.do\\\/wp-content\\\/uploads\\\/2020\\\/05\\\/IMG-20200514-WA0197-300x200.jpg 300w, https:\\\/\\\/elpueblo.com.do\\\/wp-content\\\/uploads\\\/2020\\\/05\\\/IMG-20200514-WA0197-1024x682.jpg 1024w, https:\\\/\\\/elpueblo.com.do\\\/wp-content\\\/uploads\\\/2020\\\/05\\\/IMG-20200514-WA0197-768x512.jpg 768w, https:\\\/\\\/elpueblo.com.do\\\/wp-content\\\/uploads\\\/2020\\\/05\\\/IMG-20200514-WA0197-696x464.jpg 696w, https:\\\/\\\/elpueblo.com.do\\\/wp-content\\\/uploads\\\/2020\\\/05\\\/IMG-20200514-WA0197-1068x712.jpg 1068w, https:\\\/\\\/elpueblo.com.do\\\/wp-content\\\/uploads\\\/2020\\\/05\\\/IMG-20200514-WA0197-630x420.jpg 630w&quot;}\" \/><\/p>\n\n\n\n<p>Hazim, quien dio la bienvenida formal a los nuevos integrantes del Sector Externo, los invito a trabajar, para juntos llevar a Luis Abinader a la presidencia de la Rep\u00fablica en primera vuelta este pr\u00f3ximo cinco de julio.<\/p>\n\n\n\n<p>\u201cNosotros lo que trabajamos es b\u00e1sicamente para buscar a todos aquellos que vengan de otros partidos como ahora, o que nunca hayan participado en pol\u00edtica, para entrar a trabajar en pro de la candidatura presidencial de Luis Abinader, aqu\u00ed tenemos hoy tres movimientos los cuales quiero felicitar porque est\u00e1n conformados por estructuras a nivel nacional, nosotros estamos dispuestos a llevar a Abinader a la presidencia con una victoria en primera vuelta; si las elecciones fueran hoy, por m\u00e1s que ellos salgan en las noches a repartir comida y dinero, nos vamos en primera vuelta por mucho, porque eso ustedes en la calle lo escuchan, de boca de la gente, y lo dicen todas las encuestas serias que se realizan en el pa\u00eds\u201d, asegur\u00f3 Hazim.<\/p>\n\n\n\n<p>Dentro de los movimientos juramentados por el Sector Externo se encuentran: movimiento Fuerza Cristiana representado por Orlando Gil proveniente de la candidatura presidencial Ranfis Dominguez, movimiento de j\u00f3venes en su representaci\u00f3n Gabriel Cabrera quienes pasaron desde el PLD a apoyar la candidatura del PRM.<img decoding=\"async\" width=\"150\" height=\"100\" class=\"wp-image-975 lazyload\" style=\"--smush-placeholder-width: 150px; --smush-placeholder-aspect-ratio: 150\/100;width: 150px;\" data-src=\"https:\/\/elpueblo.com.do\/sources\/smush-webp\/2020\/05\/IMG-20200514-WA0199.jpg.webp\" alt=\"\" data-srcset=\"https:\/\/elpueblo.com.do\/sources\/smush-webp\/2020\/05\/IMG-20200514-WA0199.jpg.webp 1280w, https:\/\/elpueblo.com.do\/sources\/smush-webp\/2020\/05\/IMG-20200514-WA0199-300x200.jpg.webp 300w, https:\/\/elpueblo.com.do\/sources\/smush-webp\/2020\/05\/IMG-20200514-WA0199-1024x682.jpg.webp 1024w, https:\/\/elpueblo.com.do\/sources\/smush-webp\/2020\/05\/IMG-20200514-WA0199-768x512.jpg.webp 768w, https:\/\/elpueblo.com.do\/sources\/smush-webp\/2020\/05\/IMG-20200514-WA0199-696x464.jpg.webp 696w, https:\/\/elpueblo.com.do\/sources\/smush-webp\/2020\/05\/IMG-20200514-WA0199-1068x712.jpg.webp 1068w, https:\/\/elpueblo.com.do\/sources\/smush-webp\/2020\/05\/IMG-20200514-WA0199-630x420.jpg.webp 630w\" data-sizes=\"(max-width: 150px) 100vw, 150px\" src=\"data:image\/svg+xml;base64,PHN2ZyB3aWR0aD0iMSIgaGVpZ2h0PSIxIiB4bWxucz0iaHR0cDovL3d3dy53My5vcmcvMjAwMC9zdmciPjwvc3ZnPg==\" data-smush-webp-fallback=\"{&quot;data-src&quot;:&quot;https:\\\/\\\/elpueblo.com.do\\\/wp-content\\\/uploads\\\/2020\\\/05\\\/IMG-20200514-WA0199.jpg&quot;,&quot;data-srcset&quot;:&quot;https:\\\/\\\/elpueblo.com.do\\\/wp-content\\\/uploads\\\/2020\\\/05\\\/IMG-20200514-WA0199.jpg 1280w, https:\\\/\\\/elpueblo.com.do\\\/wp-content\\\/uploads\\\/2020\\\/05\\\/IMG-20200514-WA0199-300x200.jpg 300w, https:\\\/\\\/elpueblo.com.do\\\/wp-content\\\/uploads\\\/2020\\\/05\\\/IMG-20200514-WA0199-1024x682.jpg 1024w, https:\\\/\\\/elpueblo.com.do\\\/wp-content\\\/uploads\\\/2020\\\/05\\\/IMG-20200514-WA0199-768x512.jpg 768w, https:\\\/\\\/elpueblo.com.do\\\/wp-content\\\/uploads\\\/2020\\\/05\\\/IMG-20200514-WA0199-696x464.jpg 696w, https:\\\/\\\/elpueblo.com.do\\\/wp-content\\\/uploads\\\/2020\\\/05\\\/IMG-20200514-WA0199-1068x712.jpg 1068w, https:\\\/\\\/elpueblo.com.do\\\/wp-content\\\/uploads\\\/2020\\\/05\\\/IMG-20200514-WA0199-630x420.jpg 630w&quot;}\" \/><\/p>\n\n\n\n<p>La actividad que se realiz\u00f3 en el local del Sector Externo de Luis Abinader, en la avenida 27 de Febrero, cont\u00f3 con la presencia de: el Dr. Santiago Hazim Coordinador General del Sector Externo, Lorenzo Ram\u00edrez Dir. Ejecutivo, y el Dir. de movimiento a nivel nacional F\u00e9lix Lugo.<\/p>\n","protected":false},"excerpt":{"rendered":"<p>Santo Domingo.-El Sector Externo, en apoyo a la candidatura presidencial de Luis Abinader, juramento este mi\u00e9rcoles, de la mano de su Coordinador General Dr. Santiago Hazim, a decenas de personas pertenecientes a movimientos que apoyaban las candidaturas presidenciales por el Partido de la Liberaci\u00f3n Dominicana (PLD) y la de Ranfis Dom\u00ednguez Trujillo. Hazim, quien dio [&hellip;]<\/p>\n","protected":false},"author":2,"featured_media":973,"comment_status":"open","ping_status":"open","sticky":true,"template":"","format":"standard","meta":{"footnotes":""},"categories":[34],"tags":[193],"class_list":{"0":"post-972","1":"post","2":"type-post","3":"status-publish","4":"format-standard","5":"has-post-thumbnail","7":"category-politica","8":"tag-sector-externo-luis-abinader-juramenta-movimientos-apoyaban-al-pld-y-a-ranfis-dominguez-trujillo"},"_links":{"self":[{"href":"https:\/\/elpueblo.com.do\/api-json\/wp\/v2\/posts\/972","targetHints":{"allow":["GET"]}}],"collection":[{"href":"https:\/\/elpueblo.com.do\/api-json\/wp\/v2\/posts"}],"about":[{"href":"https:\/\/elpueblo.com.do\/api-json\/wp\/v2\/types\/post"}],"author":[{"embeddable":true,"href":"https:\/\/elpueblo.com.do\/api-json\/wp\/v2\/users\/2"}],"replies":[{"embeddable":true,"href":"https:\/\/elpueblo.com.do\/api-json\/wp\/v2\/comments?post=972"}],"version-history":[{"count":0,"href":"https:\/\/elpueblo.com.do\/api-json\/wp\/v2\/posts\/972\/revisions"}],"wp:featuredmedia":[{"embeddable":true,"href":"https:\/\/elpueblo.com.do\/api-json\/wp\/v2\/media\/973"}],"wp:attachment":[{"href":"https:\/\/elpueblo.com.do\/api-json\/wp\/v2\/media?parent=972"}],"wp:term":[{"taxonomy":"category","embeddable":true,"href":"https:\/\/elpueblo.com.do\/api-json\/wp\/v2\/categories?post=972"},{"taxonomy":"post_tag","embeddable":true,"href":"https:\/\/elpueblo.com.do\/api-json\/wp\/v2\/tags?post=972"}],"curies":[{"name":"wp","href":"https:\/\/api.w.org\/{rel}","templated":true}]}}