{"id":966,"date":"2020-05-14T20:50:41","date_gmt":"2020-05-15T00:50:41","guid":{"rendered":"https:\/\/elpueblo.com.do\/?p=966"},"modified":"2020-05-14T20:50:45","modified_gmt":"2020-05-15T00:50:45","slug":"medico-romanense-cree-el-pais-necesita-un-cambio","status":"publish","type":"post","link":"https:\/\/elpueblo.com.do\/actualidad\/medico-romanense-cree-el-pais-necesita-un-cambio\/966\/","title":{"rendered":"M\u00e9dico romanense cree el pa\u00eds necesita un cambio"},"content":{"rendered":"\n<p>La Romana.-&nbsp;El prestigioso m\u00e9dico, doctor Juan Manuel Canela denunci\u00f3 en un programa radial los casos de corrupci\u00f3n en lo que ha incurrido el gobierno del Partido de la Liberaci\u00f3n Dominicana.<\/p>\n\n\n\n<p>El reconocido profesional de la medicina hizo las aseveraciones en el programa El Expreso de la Ma\u00f1ana que conducen los periodistas Sergio L\u00f3pez, Rub\u00e9n Quezada y Frank Ortiz.<\/p>\n\n\n\n<p>Manuel Canela cit\u00f3 los casos de los parqueos de Bellas Artes, la Universidad Aut\u00f3noma de Santo Domingo, los Tucanos, Corde, Peme y en la construcci\u00f3n de escuelas, entre otros.<\/p>\n\n\n\n<p>Asimismo puso \u00e9nfasis en el m\u00e1s sonado por la prensa nacional e internacional como el caso de Odebrecht.<\/p>\n\n\n\n<p>Entiende que se hace necesario un cambio en la pol\u00edtica dominicana.<\/p>\n","protected":false},"excerpt":{"rendered":"<p>La Romana.-&nbsp;El prestigioso m\u00e9dico, doctor Juan Manuel Canela denunci\u00f3 en un programa radial los casos de corrupci\u00f3n en lo que ha incurrido el gobierno del Partido de la Liberaci\u00f3n Dominicana. El reconocido profesional de la medicina hizo las aseveraciones en el programa El Expreso de la Ma\u00f1ana que conducen los periodistas Sergio L\u00f3pez, Rub\u00e9n Quezada [&hellip;]<\/p>\n","protected":false},"author":2,"featured_media":967,"comment_status":"open","ping_status":"open","sticky":true,"template":"","format":"standard","meta":{"footnotes":""},"categories":[32,34,37],"tags":[191],"class_list":{"0":"post-966","1":"post","2":"type-post","3":"status-publish","4":"format-standard","5":"has-post-thumbnail","7":"category-actualidad","8":"category-politica","9":"category-salud","10":"tag-medicos-de-la-romana-dicen-el-pais-necesita-un-cambio"},"_links":{"self":[{"href":"https:\/\/elpueblo.com.do\/api-json\/wp\/v2\/posts\/966","targetHints":{"allow":["GET"]}}],"collection":[{"href":"https:\/\/elpueblo.com.do\/api-json\/wp\/v2\/posts"}],"about":[{"href":"https:\/\/elpueblo.com.do\/api-json\/wp\/v2\/types\/post"}],"author":[{"embeddable":true,"href":"https:\/\/elpueblo.com.do\/api-json\/wp\/v2\/users\/2"}],"replies":[{"embeddable":true,"href":"https:\/\/elpueblo.com.do\/api-json\/wp\/v2\/comments?post=966"}],"version-history":[{"count":0,"href":"https:\/\/elpueblo.com.do\/api-json\/wp\/v2\/posts\/966\/revisions"}],"wp:featuredmedia":[{"embeddable":true,"href":"https:\/\/elpueblo.com.do\/api-json\/wp\/v2\/media\/967"}],"wp:attachment":[{"href":"https:\/\/elpueblo.com.do\/api-json\/wp\/v2\/media?parent=966"}],"wp:term":[{"taxonomy":"category","embeddable":true,"href":"https:\/\/elpueblo.com.do\/api-json\/wp\/v2\/categories?post=966"},{"taxonomy":"post_tag","embeddable":true,"href":"https:\/\/elpueblo.com.do\/api-json\/wp\/v2\/tags?post=966"}],"curies":[{"name":"wp","href":"https:\/\/api.w.org\/{rel}","templated":true}]}}