{"id":963,"date":"2020-05-14T20:46:24","date_gmt":"2020-05-15T00:46:24","guid":{"rendered":"https:\/\/elpueblo.com.do\/?p=963"},"modified":"2020-05-14T20:46:28","modified_gmt":"2020-05-15T00:46:28","slug":"abinader-visita-al-alcalde-y-cantautor-manuel-jimenez-y-tararea-luis-tenemos-que-votar-por-ti","status":"publish","type":"post","link":"https:\/\/elpueblo.com.do\/actualidad\/politica\/abinader-visita-al-alcalde-y-cantautor-manuel-jimenez-y-tararea-luis-tenemos-que-votar-por-ti\/963\/","title":{"rendered":"Abinader visita al alcalde y cantautor Manuel Jim\u00e9nez y tararea \u201cLuis, tenemos que votar por ti\u201d"},"content":{"rendered":"\n<p><strong>SANTO DOMINGO ESTE.- El candidato presidencial del Partido Revolucionario Moderno (PRM), Luis Abinader,visit\u00f3 hoy jueves en su despacho al alcalde del municipio de Santo Domingo Este (SDE), Manuel Jim\u00e9nez,<\/strong> luego de que este anunciara ayer el estreno de su\u00a0 canci\u00f3n \u201cLuis, tenemos que votar por ti\u201d en respaldo a sus aspiraciones presidenciales.<\/p>\n\n\n\n<p>Abinader agradeci\u00f3 que el alcalde y cantautor Jim\u00e9nez le dedicara la canci\u00f3n \u201cLuis, tenemos que votar por ti\u201d, en respaldo a su candidatura presidencial. \u201cNos sentimos sumamente agradecidos del alcalde Manuel Jim\u00e9nez, quien compuso una canci\u00f3n en respaldo de nuestra candidatura\u201d, manifest\u00f3 el pol\u00edtico.<\/p>\n\n\n\n<p>Un muy entusiasmado Abinader, rodeado de simpatizantes y seguidores, tarare\u00f3 la canci\u00f3n que le compuso Jim\u00e9nez y afirm\u00f3 que le gustaba mucho el tema \u201cLuis,&nbsp; tenemos que votar por ti\u201d, el cual ya est\u00e1 circulando ampliamente por las redes sociales y ha generado cientos de mensajes positivos.<\/p>\n\n\n\n<p>Hablando ya de temas pol\u00edticos, el candidato presidencial perreme\u00edsta dijo estar confiado en que Jim\u00e9nez, que empez\u00f3 su gobierno municipal el 24 de abril pasado,ha venido realizando una gesti\u00f3n apegada a la transparencia y la honestidad.<\/p>\n\n\n\n<p>En ese sentido, el alcalde Jim\u00e9nez agradeci\u00f3 la visita que le realiz\u00f3 el candidato presidencial del PRM y con \u00e9l trat\u00f3 temas de inter\u00e9s para el municipio.<\/p>\n","protected":false},"excerpt":{"rendered":"<p>SANTO DOMINGO ESTE.- El candidato presidencial del Partido Revolucionario Moderno (PRM), Luis Abinader,visit\u00f3 hoy jueves en su despacho al alcalde del municipio de Santo Domingo Este (SDE), Manuel Jim\u00e9nez, luego de que este anunciara ayer el estreno de su\u00a0 canci\u00f3n \u201cLuis, tenemos que votar por ti\u201d en respaldo a sus aspiraciones presidenciales. Abinader agradeci\u00f3 que [&hellip;]<\/p>\n","protected":false},"author":2,"featured_media":964,"comment_status":"open","ping_status":"open","sticky":true,"template":"","format":"standard","meta":{"footnotes":""},"categories":[34],"tags":[],"class_list":{"0":"post-963","1":"post","2":"type-post","3":"status-publish","4":"format-standard","5":"has-post-thumbnail","7":"category-politica"},"_links":{"self":[{"href":"https:\/\/elpueblo.com.do\/api-json\/wp\/v2\/posts\/963","targetHints":{"allow":["GET"]}}],"collection":[{"href":"https:\/\/elpueblo.com.do\/api-json\/wp\/v2\/posts"}],"about":[{"href":"https:\/\/elpueblo.com.do\/api-json\/wp\/v2\/types\/post"}],"author":[{"embeddable":true,"href":"https:\/\/elpueblo.com.do\/api-json\/wp\/v2\/users\/2"}],"replies":[{"embeddable":true,"href":"https:\/\/elpueblo.com.do\/api-json\/wp\/v2\/comments?post=963"}],"version-history":[{"count":0,"href":"https:\/\/elpueblo.com.do\/api-json\/wp\/v2\/posts\/963\/revisions"}],"wp:featuredmedia":[{"embeddable":true,"href":"https:\/\/elpueblo.com.do\/api-json\/wp\/v2\/media\/964"}],"wp:attachment":[{"href":"https:\/\/elpueblo.com.do\/api-json\/wp\/v2\/media?parent=963"}],"wp:term":[{"taxonomy":"category","embeddable":true,"href":"https:\/\/elpueblo.com.do\/api-json\/wp\/v2\/categories?post=963"},{"taxonomy":"post_tag","embeddable":true,"href":"https:\/\/elpueblo.com.do\/api-json\/wp\/v2\/tags?post=963"}],"curies":[{"name":"wp","href":"https:\/\/api.w.org\/{rel}","templated":true}]}}