{"id":960,"date":"2020-05-14T20:39:35","date_gmt":"2020-05-15T00:39:35","guid":{"rendered":"https:\/\/elpueblo.com.do\/?p=960"},"modified":"2020-05-14T20:39:39","modified_gmt":"2020-05-15T00:39:39","slug":"tras-inmerecido-agravio-amable-aristy-pone-fin-a-la-alianza-de-su-partido-con-pld","status":"publish","type":"post","link":"https:\/\/elpueblo.com.do\/actualidad\/politica\/tras-inmerecido-agravio-amable-aristy-pone-fin-a-la-alianza-de-su-partido-con-pld\/960\/","title":{"rendered":"Tras \u201cinmerecido agravio\u201d, Amable Aristy pone fin a la alianza de su partido con PLD"},"content":{"rendered":"\n<p><strong>SANTO\u00a0DOMINGO. \u2013\u00a0Circula en redes sociales este jueves una carta del senador Amable Aristy Castro en la que pone t\u00e9rmino a la alianza del Partido\u00a0Liberal\u00a0Reformista (PLR), organizaci\u00f3n que \u00e9l dirige, con el Partido de la Liberaci\u00f3n Dominicana (PLD).\u00a0\u00a0<\/strong><\/p>\n\n\n\n<p>El legislador por La Altagracia sostuvo en la misiva que esta decisi\u00f3n \u201cno es fruto del enojo\u201d, sino una \u201cdigna reacci\u00f3n&nbsp;a un innecesario e inmerecido agravio\u201d.&nbsp;&nbsp;<\/p>\n\n\n\n<p>Asimismo, Aristy Castro sostuvo que la decisi\u00f3n se basa en \u201clas imposibilidades de rescatar en lo m\u00e1s m\u00ednimo el clima de confianza entre las partes\u201d.&nbsp;&nbsp;<\/p>\n\n\n\n<p>La semana pasada el legislador sostuvo un encuentro con el candidato presidencial del Partido Revolucionario Moderno (PRM), Luis Abinader.<\/p>\n\n\n\n<p>A ra\u00edz del rompimiento del&nbsp;acuerdo, suscrito el 25 de febrero de este a\u00f1o, el congresista se\u00f1ala que su organizaci\u00f3n \u201cno tiene la obligaci\u00f3n de apoyar y llevar en el recuadro de su boleta a la candidatura Presidencial al Licenciado Gonzalo Castillo\u201d.&nbsp;&nbsp;<\/p>\n\n\n\n<p>\u201cAs\u00ed como tampoco el Partido de la Liberaci\u00f3n Dominicana y aliados, apoyar y llevar en el recuadro del Partido de la Liberaci\u00f3n Dominicana y Aliados como su candidato a senador por la provincia de la Altagracia al firmante de la presente comunicaci\u00f3n, Amable Aristy Castro\u201d.&nbsp;&nbsp;<\/p>\n\n\n\n<p>La semana pasada el legislador sostuvo un encuentro con el candidato presidencial del Partido Revolucionario Moderno (PRM), Luis Abinader.&nbsp;<\/p>\n\n\n\n<p>En ese momento, Abinader manifest\u00f3 que Aristy Castro \u201cestaba muy disgustado\u201d con el partido de Gobierno. El congresista tambi\u00e9n se reuni\u00f3 con el expresidente Hip\u00f3lito Mej\u00eda.<\/p>\n","protected":false},"excerpt":{"rendered":"<p>SANTO\u00a0DOMINGO. \u2013\u00a0Circula en redes sociales este jueves una carta del senador Amable Aristy Castro en la que pone t\u00e9rmino a la alianza del Partido\u00a0Liberal\u00a0Reformista (PLR), organizaci\u00f3n que \u00e9l dirige, con el Partido de la Liberaci\u00f3n Dominicana (PLD).\u00a0\u00a0 El legislador por La Altagracia sostuvo en la misiva que esta decisi\u00f3n \u201cno es fruto del enojo\u201d, sino [&hellip;]<\/p>\n","protected":false},"author":2,"featured_media":961,"comment_status":"open","ping_status":"open","sticky":true,"template":"","format":"standard","meta":{"footnotes":""},"categories":[34],"tags":[],"class_list":{"0":"post-960","1":"post","2":"type-post","3":"status-publish","4":"format-standard","5":"has-post-thumbnail","7":"category-politica"},"_links":{"self":[{"href":"https:\/\/elpueblo.com.do\/api-json\/wp\/v2\/posts\/960","targetHints":{"allow":["GET"]}}],"collection":[{"href":"https:\/\/elpueblo.com.do\/api-json\/wp\/v2\/posts"}],"about":[{"href":"https:\/\/elpueblo.com.do\/api-json\/wp\/v2\/types\/post"}],"author":[{"embeddable":true,"href":"https:\/\/elpueblo.com.do\/api-json\/wp\/v2\/users\/2"}],"replies":[{"embeddable":true,"href":"https:\/\/elpueblo.com.do\/api-json\/wp\/v2\/comments?post=960"}],"version-history":[{"count":0,"href":"https:\/\/elpueblo.com.do\/api-json\/wp\/v2\/posts\/960\/revisions"}],"wp:featuredmedia":[{"embeddable":true,"href":"https:\/\/elpueblo.com.do\/api-json\/wp\/v2\/media\/961"}],"wp:attachment":[{"href":"https:\/\/elpueblo.com.do\/api-json\/wp\/v2\/media?parent=960"}],"wp:term":[{"taxonomy":"category","embeddable":true,"href":"https:\/\/elpueblo.com.do\/api-json\/wp\/v2\/categories?post=960"},{"taxonomy":"post_tag","embeddable":true,"href":"https:\/\/elpueblo.com.do\/api-json\/wp\/v2\/tags?post=960"}],"curies":[{"name":"wp","href":"https:\/\/api.w.org\/{rel}","templated":true}]}}