{"id":956,"date":"2020-05-14T20:05:08","date_gmt":"2020-05-15T00:05:08","guid":{"rendered":"https:\/\/elpueblo.com.do\/?p=956"},"modified":"2020-05-14T20:05:12","modified_gmt":"2020-05-15T00:05:12","slug":"el-doctor-ivan-silva-y-jose-ignacio-paliza-realizan-encuentro-en-la-romana-y-juramentan-nuevos-miembros-en-el-prm","status":"publish","type":"post","link":"https:\/\/elpueblo.com.do\/actualidad\/el-doctor-ivan-silva-y-jose-ignacio-paliza-realizan-encuentro-en-la-romana-y-juramentan-nuevos-miembros-en-el-prm\/956\/","title":{"rendered":"El doctor Iv\u00e1n Silva y Jos\u00e9 Ignacio Paliza realizan encuentro en La Romana y juramentan nuevos miembros en el PRM"},"content":{"rendered":"\n<p><strong>Con la finalidad de fortalecer el triunfo electoral del candidato a la presidencia, Luis Abinader y al candidato a senador Iv\u00e1n Silva ambos por el Partido Revolucionario Moderno (PRM), se realiz\u00f3 un desayuno pol\u00edtico donde se juramentaron nuevos adeptos a su campa\u00f1a<\/strong>. <\/p>\n\n\n\n<p>La actividad se realiz\u00f3 en la residencia de Silva, junto al presidente del PRM Jos\u00e9 Ignacio Paliza; Dolores Nu\u00f1ez, presidente municipal del partido; Reynaldo Rinc\u00f3n Khoury, supervisor pol\u00edtico de La Romana. Adem\u00e1s , integrantes del comit\u00e9 municipal, as\u00ed como tambi\u00e9n, los regidores Felipe Hunt y Orfelina V\u00e1ldez y los candidatos a diputados Jacqueline Fern\u00e1ndez y Eugenio Cede\u00f1o al igual que la clase empresarial de la provincia.<img decoding=\"async\" width=\"150\" height=\"113\" class=\"wp-image-958 lazyload\" style=\"--smush-placeholder-width: 150px; --smush-placeholder-aspect-ratio: 150\/113;width: 150px;\" data-src=\"https:\/\/elpueblo.com.do\/sources\/smush-webp\/2020\/05\/IMG-20200514-WA0163.jpg.webp\" alt=\"\" data-srcset=\"https:\/\/elpueblo.com.do\/sources\/smush-webp\/2020\/05\/IMG-20200514-WA0163.jpg.webp 1280w, https:\/\/elpueblo.com.do\/sources\/smush-webp\/2020\/05\/IMG-20200514-WA0163-300x225.jpg.webp 300w, https:\/\/elpueblo.com.do\/sources\/smush-webp\/2020\/05\/IMG-20200514-WA0163-1024x768.jpg.webp 1024w, https:\/\/elpueblo.com.do\/sources\/smush-webp\/2020\/05\/IMG-20200514-WA0163-768x576.jpg.webp 768w, https:\/\/elpueblo.com.do\/sources\/smush-webp\/2020\/05\/IMG-20200514-WA0163-696x522.jpg.webp 696w, https:\/\/elpueblo.com.do\/sources\/smush-webp\/2020\/05\/IMG-20200514-WA0163-1068x801.jpg.webp 1068w, https:\/\/elpueblo.com.do\/sources\/smush-webp\/2020\/05\/IMG-20200514-WA0163-560x420.jpg.webp 560w, https:\/\/elpueblo.com.do\/sources\/smush-webp\/2020\/05\/IMG-20200514-WA0163-80x60.jpg.webp 80w, https:\/\/elpueblo.com.do\/sources\/smush-webp\/2020\/05\/IMG-20200514-WA0163-265x198.jpg.webp 265w\" data-sizes=\"(max-width: 150px) 100vw, 150px\" src=\"data:image\/svg+xml;base64,PHN2ZyB3aWR0aD0iMSIgaGVpZ2h0PSIxIiB4bWxucz0iaHR0cDovL3d3dy53My5vcmcvMjAwMC9zdmciPjwvc3ZnPg==\" data-smush-webp-fallback=\"{&quot;data-src&quot;:&quot;https:\\\/\\\/elpueblo.com.do\\\/wp-content\\\/uploads\\\/2020\\\/05\\\/IMG-20200514-WA0163.jpg&quot;,&quot;data-srcset&quot;:&quot;https:\\\/\\\/elpueblo.com.do\\\/wp-content\\\/uploads\\\/2020\\\/05\\\/IMG-20200514-WA0163.jpg 1280w, https:\\\/\\\/elpueblo.com.do\\\/wp-content\\\/uploads\\\/2020\\\/05\\\/IMG-20200514-WA0163-300x225.jpg 300w, https:\\\/\\\/elpueblo.com.do\\\/wp-content\\\/uploads\\\/2020\\\/05\\\/IMG-20200514-WA0163-1024x768.jpg 1024w, https:\\\/\\\/elpueblo.com.do\\\/wp-content\\\/uploads\\\/2020\\\/05\\\/IMG-20200514-WA0163-768x576.jpg 768w, https:\\\/\\\/elpueblo.com.do\\\/wp-content\\\/uploads\\\/2020\\\/05\\\/IMG-20200514-WA0163-696x522.jpg 696w, https:\\\/\\\/elpueblo.com.do\\\/wp-content\\\/uploads\\\/2020\\\/05\\\/IMG-20200514-WA0163-1068x801.jpg 1068w, https:\\\/\\\/elpueblo.com.do\\\/wp-content\\\/uploads\\\/2020\\\/05\\\/IMG-20200514-WA0163-560x420.jpg 560w, https:\\\/\\\/elpueblo.com.do\\\/wp-content\\\/uploads\\\/2020\\\/05\\\/IMG-20200514-WA0163-80x60.jpg 80w, https:\\\/\\\/elpueblo.com.do\\\/wp-content\\\/uploads\\\/2020\\\/05\\\/IMG-20200514-WA0163-265x198.jpg 265w&quot;}\" \/><\/p>\n\n\n\n<p>Durante el encuentro, los l\u00edderes pol\u00edticos Intercambiaron ideas para fortalecer la campa\u00f1a de todos los candidatos del PRM en La Romana, tales como Luis Abinader, Iv\u00e1n Silva y la de todos los candidatos a diputados en dicha demarcaci\u00f3n.<br>Luego el presidente del partido Jos\u00e9 Ignacio Paliza jurament\u00f3 a nuevos miembros que pasaron a las filas del PRM, entre ellos, Dayna Manzano, ex candidata a regidora por el Partido Reformista Social Cristiano (PRSC) entre otros.<br>\u00abMuchas gracias por acompanarnos. Y a los companeros que ha decidido dar el paso hacia el PRM, siempre les digo que este partido no es propiedad de ningun dirigente particular, sino del pueblo dominicano. Este es un partido que pertenece a sus suenos, visiones, proyectos e ilusiones en igualdad de condiciones. Este partido tiene los mismo m\u00e9ritos y valores de nuestro lider el doctor Jos\u00e9 Francisco Pe\u00f1a G\u00f3mez \u00ab. expres\u00f3 Paliza.<\/p>\n\n\n\n<p>Durante el acto de juramentaci\u00f3n.<br>Paliza tambi\u00e9n agradeci\u00f3 de manera particular al candidato Iv\u00e1n Silva, quien ha demostrado que ser\u00e1 el pr\u00f3ximo senador, ya que tiene una buena aceptaci\u00f3n en toda la provincia. De su lado, Iv\u00e1n Silva manifest\u00f3 que se siente satisfecho por el respaldo recibido de uno de los principales l\u00edderes del PRM.<\/p>\n\n\n\n<p>Al finalizar el encuentro, Jos\u00e9 Ignacio Paliza junto al doctor Iv\u00e1n Silva, salieron por las calles de la ciudad, motivando a sus seguidores a que el pr\u00f3ximo 5 de julio acudan a las urnas de manera masiva a ejercer su derecho al voto.<br>De igual forma realizaron la entrega de donaciones de mascarillas, medicinas y bonos de compras en la parroquia San Pablo del municipio de La Romana y en la Iglesia Evang\u00e9lica del sector Villa Pereyra representada por el pastor Ramiro.<\/p>\n","protected":false},"excerpt":{"rendered":"<p>Con la finalidad de fortalecer el triunfo electoral del candidato a la presidencia, Luis Abinader y al candidato a senador Iv\u00e1n Silva ambos por el Partido Revolucionario Moderno (PRM), se realiz\u00f3 un desayuno pol\u00edtico donde se juramentaron nuevos adeptos a su campa\u00f1a. La actividad se realiz\u00f3 en la residencia de Silva, junto al presidente del [&hellip;]<\/p>\n","protected":false},"author":2,"featured_media":957,"comment_status":"open","ping_status":"open","sticky":true,"template":"","format":"standard","meta":{"footnotes":""},"categories":[32,34],"tags":[190],"class_list":{"0":"post-956","1":"post","2":"type-post","3":"status-publish","4":"format-standard","5":"has-post-thumbnail","7":"category-actualidad","8":"category-politica","9":"tag-jose-ignacio-paliza-y-ivan-silva-juramentan-nuevos-adeptos"},"_links":{"self":[{"href":"https:\/\/elpueblo.com.do\/api-json\/wp\/v2\/posts\/956","targetHints":{"allow":["GET"]}}],"collection":[{"href":"https:\/\/elpueblo.com.do\/api-json\/wp\/v2\/posts"}],"about":[{"href":"https:\/\/elpueblo.com.do\/api-json\/wp\/v2\/types\/post"}],"author":[{"embeddable":true,"href":"https:\/\/elpueblo.com.do\/api-json\/wp\/v2\/users\/2"}],"replies":[{"embeddable":true,"href":"https:\/\/elpueblo.com.do\/api-json\/wp\/v2\/comments?post=956"}],"version-history":[{"count":0,"href":"https:\/\/elpueblo.com.do\/api-json\/wp\/v2\/posts\/956\/revisions"}],"wp:featuredmedia":[{"embeddable":true,"href":"https:\/\/elpueblo.com.do\/api-json\/wp\/v2\/media\/957"}],"wp:attachment":[{"href":"https:\/\/elpueblo.com.do\/api-json\/wp\/v2\/media?parent=956"}],"wp:term":[{"taxonomy":"category","embeddable":true,"href":"https:\/\/elpueblo.com.do\/api-json\/wp\/v2\/categories?post=956"},{"taxonomy":"post_tag","embeddable":true,"href":"https:\/\/elpueblo.com.do\/api-json\/wp\/v2\/tags?post=956"}],"curies":[{"name":"wp","href":"https:\/\/api.w.org\/{rel}","templated":true}]}}