{"id":949,"date":"2020-05-14T18:05:40","date_gmt":"2020-05-14T22:05:40","guid":{"rendered":"https:\/\/elpueblo.com.do\/?p=949"},"modified":"2020-05-14T18:05:44","modified_gmt":"2020-05-14T22:05:44","slug":"centro-economico-otorga-53-9-a-luis-abinader-35-2-a-gonzalo-castillo-y-9-5-a-leonel-fernandez","status":"publish","type":"post","link":"https:\/\/elpueblo.com.do\/actualidad\/centro-economico-otorga-53-9-a-luis-abinader-35-2-a-gonzalo-castillo-y-9-5-a-leonel-fernandez\/949\/","title":{"rendered":"Centro Econ\u00f3mico otorga 53.9% a Luis Abinader, 35.2% a Gonzalo Castillo y 9.5% a Leonel Fern\u00e1ndez"},"content":{"rendered":"\n<p>El 60.1% del electorado cree que Luis Abinader ser\u00e1 el pr\u00f3ximo presidente de la Rep\u00fablica, frente a un 32.3% que cree el ganador ser\u00e1 Gonzalo Castillo<\/p>\n\n\n\n<p>Luis Abinader, candidato presidencial del PRM en un operativo de limpieza.<img decoding=\"async\" width=\"150\" height=\"100\" class=\"wp-image-950 lazyload\" style=\"--smush-placeholder-width: 150px; --smush-placeholder-aspect-ratio: 150\/100;width: 150px;\" data-src=\"https:\/\/elpueblo.com.do\/sources\/smush-webp\/2020\/05\/12d210b1-img-20200417-wa0115-5ea44f845ccb4.jpg.webp\" alt=\"\" data-srcset=\"https:\/\/elpueblo.com.do\/sources\/smush-webp\/2020\/05\/12d210b1-img-20200417-wa0115-5ea44f845ccb4.jpg.webp 1024w, https:\/\/elpueblo.com.do\/sources\/smush-webp\/2020\/05\/12d210b1-img-20200417-wa0115-5ea44f845ccb4-300x200.jpg.webp 300w, https:\/\/elpueblo.com.do\/sources\/smush-webp\/2020\/05\/12d210b1-img-20200417-wa0115-5ea44f845ccb4-768x512.jpg.webp 768w, https:\/\/elpueblo.com.do\/sources\/smush-webp\/2020\/05\/12d210b1-img-20200417-wa0115-5ea44f845ccb4-696x464.jpg.webp 696w, https:\/\/elpueblo.com.do\/sources\/smush-webp\/2020\/05\/12d210b1-img-20200417-wa0115-5ea44f845ccb4-631x420.jpg.webp 631w\" data-sizes=\"(max-width: 150px) 100vw, 150px\" src=\"data:image\/svg+xml;base64,PHN2ZyB3aWR0aD0iMSIgaGVpZ2h0PSIxIiB4bWxucz0iaHR0cDovL3d3dy53My5vcmcvMjAwMC9zdmciPjwvc3ZnPg==\" data-smush-webp-fallback=\"{&quot;data-src&quot;:&quot;https:\\\/\\\/elpueblo.com.do\\\/wp-content\\\/uploads\\\/2020\\\/05\\\/12d210b1-img-20200417-wa0115-5ea44f845ccb4.jpg&quot;,&quot;data-srcset&quot;:&quot;https:\\\/\\\/elpueblo.com.do\\\/wp-content\\\/uploads\\\/2020\\\/05\\\/12d210b1-img-20200417-wa0115-5ea44f845ccb4.jpg 1024w, https:\\\/\\\/elpueblo.com.do\\\/wp-content\\\/uploads\\\/2020\\\/05\\\/12d210b1-img-20200417-wa0115-5ea44f845ccb4-300x200.jpg 300w, https:\\\/\\\/elpueblo.com.do\\\/wp-content\\\/uploads\\\/2020\\\/05\\\/12d210b1-img-20200417-wa0115-5ea44f845ccb4-768x512.jpg 768w, https:\\\/\\\/elpueblo.com.do\\\/wp-content\\\/uploads\\\/2020\\\/05\\\/12d210b1-img-20200417-wa0115-5ea44f845ccb4-696x464.jpg 696w, https:\\\/\\\/elpueblo.com.do\\\/wp-content\\\/uploads\\\/2020\\\/05\\\/12d210b1-img-20200417-wa0115-5ea44f845ccb4-631x420.jpg 631w&quot;}\" \/><\/p>\n\n\n\n<p>La m\u00e1s reciente encuesta del Centro Econ\u00f3mico del Cibao arroj\u00f3 que el 53.9% votar\u00eda por el candidato presidencial del Partido Revolucionario Moderno (PRM) Luis Abinader, un 35.2% por Gonzalo Castillo, un 9.5% por Leonel Fern\u00e1ndez y un 1.4% por Guillermo Moreno.<\/p>\n\n\n\n<p>El 60.1% del electorado cree que Luis Abinader ser\u00e1 el pr\u00f3ximo presidente de la Rep\u00fablica, frente a un 32.3% que cree el ganador ser\u00e1 Gonzalo Castillo, el 7.1% que ser\u00e1 Leonel Fern\u00e1ndez, y el 0.5% respondi\u00f3 que cree ganar\u00e1 Guillermo Moreno.<\/p>\n\n\n\n<p>Las puntuaciones se produjeron ante la pregunta: independientemente de sus simpat\u00edas partidarias \u00bfCu\u00e1l candidato cree usted que ganar\u00e1 la presidencia en las elecciones del 5 de julio?<\/p>\n\n\n\n<p>Por partidos pol\u00edticos el 40.4% dijo simpatizar por el Partido Revolucionario Moderno, 29.3% simpatiza con el Partido de la Liberaci\u00f3n Dominicana, el 6.4% por la Fuerza del Pueblo, por el Partido Reformista Social Cristiano el 1.3%, y por el Partido Revolucionario Dominicano el 1.2%. Por Otros, identific\u00f3 sus simpat\u00edas el 0.4%, mientras un 2.1% dijo no saber.<\/p>\n\n\n\n<p>Coronavirus<br>Recibe en tu correo actualizaciones diarias sobre el Coronavirus.<\/p>\n\n\n\n<p>La encuesta fue aplicada del lunes 11 al martes 12 de este mes de mayo con 2,000 entrevistas telef\u00f3nicas a personas mayores de 18 a\u00f1os residentes en todo el territorio nacional, con un nivel de confianza de 95%.<\/p>\n","protected":false},"excerpt":{"rendered":"<p>El 60.1% del electorado cree que Luis Abinader ser\u00e1 el pr\u00f3ximo presidente de la Rep\u00fablica, frente a un 32.3% que cree el ganador ser\u00e1 Gonzalo Castillo Luis Abinader, candidato presidencial del PRM en un operativo de limpieza. La m\u00e1s reciente encuesta del Centro Econ\u00f3mico del Cibao arroj\u00f3 que el 53.9% votar\u00eda por el candidato presidencial [&hellip;]<\/p>\n","protected":false},"author":2,"featured_media":951,"comment_status":"open","ping_status":"open","sticky":true,"template":"","format":"standard","meta":{"footnotes":""},"categories":[32,34],"tags":[188,187],"class_list":{"0":"post-949","1":"post","2":"type-post","3":"status-publish","4":"format-standard","5":"has-post-thumbnail","7":"category-actualidad","8":"category-politica","9":"tag-luis-abinader-comprometido-con-la-salud","10":"tag-luis-abinader-en-operativo-de-limpieza"},"_links":{"self":[{"href":"https:\/\/elpueblo.com.do\/api-json\/wp\/v2\/posts\/949","targetHints":{"allow":["GET"]}}],"collection":[{"href":"https:\/\/elpueblo.com.do\/api-json\/wp\/v2\/posts"}],"about":[{"href":"https:\/\/elpueblo.com.do\/api-json\/wp\/v2\/types\/post"}],"author":[{"embeddable":true,"href":"https:\/\/elpueblo.com.do\/api-json\/wp\/v2\/users\/2"}],"replies":[{"embeddable":true,"href":"https:\/\/elpueblo.com.do\/api-json\/wp\/v2\/comments?post=949"}],"version-history":[{"count":0,"href":"https:\/\/elpueblo.com.do\/api-json\/wp\/v2\/posts\/949\/revisions"}],"wp:featuredmedia":[{"embeddable":true,"href":"https:\/\/elpueblo.com.do\/api-json\/wp\/v2\/media\/951"}],"wp:attachment":[{"href":"https:\/\/elpueblo.com.do\/api-json\/wp\/v2\/media?parent=949"}],"wp:term":[{"taxonomy":"category","embeddable":true,"href":"https:\/\/elpueblo.com.do\/api-json\/wp\/v2\/categories?post=949"},{"taxonomy":"post_tag","embeddable":true,"href":"https:\/\/elpueblo.com.do\/api-json\/wp\/v2\/tags?post=949"}],"curies":[{"name":"wp","href":"https:\/\/api.w.org\/{rel}","templated":true}]}}