{"id":943,"date":"2020-05-13T21:38:07","date_gmt":"2020-05-14T01:38:07","guid":{"rendered":"https:\/\/elpueblo.com.do\/?p=943"},"modified":"2020-05-13T21:38:11","modified_gmt":"2020-05-14T01:38:11","slug":"alcaldia-del-distrito-nacional-y-la-union-europea-lanzan-tiempo-de-solidaridad","status":"publish","type":"post","link":"https:\/\/elpueblo.com.do\/actualidad\/politica\/alcaldia-del-distrito-nacional-y-la-union-europea-lanzan-tiempo-de-solidaridad\/943\/","title":{"rendered":"Alcald\u00eda del distrito nacional y la uni\u00f3n europea lanzan \u201ctiempo de solidaridad\u201d"},"content":{"rendered":"\n<p><strong>La iniciativa busca brindar esperanza en tiempos de COVID19<\/strong><\/p>\n\n\n\n<p>Santo Domingo, D.N. \u2013 La Alcald\u00eda del Distrito Nacional y la Delegaci\u00f3n de la Uni\u00f3n Europea en la Rep\u00fablica Dominicana, en coordinaci\u00f3n con la Galer\u00eda Nacional de Bellas Artes, anuncian la apertura del Concurso de Murales \u201cTiempo de Solidaridad\u201d, un certamen para conmemorar las acciones solidarias y lecciones aprendidas durante la pandemia COVID19.<\/p>\n\n\n\n<p>La informaci\u00f3n fue dada a conocer por el Comit\u00e9 organizador, quienes destacaron que la iniciativa busca exponer en grandes murales la conciencia sobre la solidaridad que emana de estos tiempos.<\/p>\n\n\n\n<p>La Alcald\u00eda de Distrito Nacional trabaja d\u00eda tras d\u00eda para servir a todos los mun\u00edcipes y hacer de Santo Domingo una ciudad m\u00e1s ordenada, solidaria e innovadora. Durante el estado de emergencia, las autoridades municipales han permanecido al frente para asegurar el bienestar de los ciudadanos.<\/p>\n\n\n\n<p>Asimismo, la Uni\u00f3n Europea se ha convertido en el coraz\u00f3n de la solidaridad del mundo. Los ejemplos de empat\u00eda, altruismo, humildad y humanidad se han puesto de manifiesto durante estos momentos y Europa ha dicho presente renovando su compromiso con sus socios en el mundo.<\/p>\n\n\n\n<p>Es en este contexto de solidaridad y confederaci\u00f3n que la Delegaci\u00f3n de la Uni\u00f3n Europea y la Alcald\u00eda del Distrito Nacional han dado inicio al Concurso de Murales \u201cTiempo de Solidaridad. Los artistas tendr\u00e1n la oportunidad de manifestar su talento poniendo en realce las historias positivas y de lucha conjunta para enfrentar la pandemia. Las obras ganadoras ser\u00e1n plasmadas en espacios p\u00fablicos urbanos del Distrito Nacional bajo el auspicio de la Uni\u00f3n Europea y la Alcald\u00eda y adem\u00e1s recibir\u00e1n un premio met\u00e1lico.<\/p>\n\n\n\n<p>\u201cHemos pasado unos d\u00edas muy dif\u00edciles no solamente aqu\u00ed en nuestra ciudad, sino en el mundo y en estos d\u00edas de tristeza, tambi\u00e9n surgen grandes ideas como la que nos ha propuesto la Union Europea, de mostrar la otra cara de la tristeza, como lo es la solidaridad. Con ese objetivo lanzamos hoy este concurso de murales \u201cTiempo de Solidaridad\u201d, expres\u00f3 la Alcaldesa del Distrito Nacional, Carolina Mej\u00eda.<\/p>\n\n\n\n<p>\u201cEl arte tiene el poder de hacernos reflexionar y puede conmovernos, como en este caso, a expresiones de solidaridad. En este concurso queremos ver expresada esa solidaridad que se ha puesto de manifiesto durante la pandemia\u201d, destac\u00f3 el Embajador de la Uni\u00f3n Europea en la Rep\u00fablica Dominicana, Gianluca Grippa.<\/p>\n\n\n\n<p>Bases del concurso<\/p>\n\n\n\n<p>En el concurso podr\u00e1n participar artistas mayores de 18 a\u00f1os de edad, de nacionalidad dominicana o extranjeros residentes en Rep\u00fablica Dominicana con un m\u00ednimo de cinco a\u00f1os con sus documentos legales al d\u00eda.<\/p>\n\n\n\n<p>Las obras deben ser llevadas a la oficina de la Galer\u00eda Nacional de Bellas Artes, en el Palacio de Bellas Artes, desde las 10:00 a. m. hasta las 5:00 p. m., con fecha l\u00edmite de entrega el 22 de junio del 2020.<\/p>\n\n\n\n<p>Para m\u00e1s informaci\u00f3n sobre las bases del concurso consulte la p\u00e1gina web de la Delegaci\u00f3n de la Uni\u00f3n Europea y del Ayuntamiento del Distrito Nacional.<\/p>\n","protected":false},"excerpt":{"rendered":"<p>La iniciativa busca brindar esperanza en tiempos de COVID19 Santo Domingo, D.N. \u2013 La Alcald\u00eda del Distrito Nacional y la Delegaci\u00f3n de la Uni\u00f3n Europea en la Rep\u00fablica Dominicana, en coordinaci\u00f3n con la Galer\u00eda Nacional de Bellas Artes, anuncian la apertura del Concurso de Murales \u201cTiempo de Solidaridad\u201d, un certamen para conmemorar las acciones solidarias [&hellip;]<\/p>\n","protected":false},"author":2,"featured_media":944,"comment_status":"open","ping_status":"open","sticky":true,"template":"","format":"standard","meta":{"footnotes":""},"categories":[34,37],"tags":[185],"class_list":{"0":"post-943","1":"post","2":"type-post","3":"status-publish","4":"format-standard","5":"has-post-thumbnail","7":"category-politica","8":"category-salud","9":"tag-alcaldia-del-distrito-nacional-y-la-union-europea-lanzan-tiempo-de-solidaridad"},"_links":{"self":[{"href":"https:\/\/elpueblo.com.do\/api-json\/wp\/v2\/posts\/943","targetHints":{"allow":["GET"]}}],"collection":[{"href":"https:\/\/elpueblo.com.do\/api-json\/wp\/v2\/posts"}],"about":[{"href":"https:\/\/elpueblo.com.do\/api-json\/wp\/v2\/types\/post"}],"author":[{"embeddable":true,"href":"https:\/\/elpueblo.com.do\/api-json\/wp\/v2\/users\/2"}],"replies":[{"embeddable":true,"href":"https:\/\/elpueblo.com.do\/api-json\/wp\/v2\/comments?post=943"}],"version-history":[{"count":0,"href":"https:\/\/elpueblo.com.do\/api-json\/wp\/v2\/posts\/943\/revisions"}],"wp:featuredmedia":[{"embeddable":true,"href":"https:\/\/elpueblo.com.do\/api-json\/wp\/v2\/media\/944"}],"wp:attachment":[{"href":"https:\/\/elpueblo.com.do\/api-json\/wp\/v2\/media?parent=943"}],"wp:term":[{"taxonomy":"category","embeddable":true,"href":"https:\/\/elpueblo.com.do\/api-json\/wp\/v2\/categories?post=943"},{"taxonomy":"post_tag","embeddable":true,"href":"https:\/\/elpueblo.com.do\/api-json\/wp\/v2\/tags?post=943"}],"curies":[{"name":"wp","href":"https:\/\/api.w.org\/{rel}","templated":true}]}}