{"id":936,"date":"2020-05-13T19:52:20","date_gmt":"2020-05-13T23:52:20","guid":{"rendered":"https:\/\/elpueblo.com.do\/?p=936"},"modified":"2020-05-13T19:59:27","modified_gmt":"2020-05-13T23:59:27","slug":"ivan-silva-confia-que-sera-el-proximo-senador-por-la-romana","status":"publish","type":"post","link":"https:\/\/elpueblo.com.do\/actualidad\/politica\/ivan-silva-confia-que-sera-el-proximo-senador-por-la-romana\/936\/","title":{"rendered":"Iv\u00e1n Silva conf\u00eda que ser\u00e1 el pr\u00f3ximo senador por La Romana"},"content":{"rendered":"\n<p><strong>La Romana, Rep. Dominicana .- El candidato a senador por el Partido Revolucionario Moderno, Iv\u00e1n Silva confi\u00f3 en que las pr\u00f3ximas elecciones se alzar\u00e1 con la senadur\u00eda de la provincia de La Romana.<\/strong><\/p>\n\n\n\n<p>Dijo que Los n\u00fameros est\u00e1n indicando la preferencia en el electorado.<\/p>\n\n\n\n<p>\u00abNo es prudente decirlo yo, eso lo dejaremos que lo diga Jos\u00e9 Ignacio Paliza cuando visite este jueves La Romana\u00bb, dijo a los periodistas Sergio L\u00f3pez, Rub\u00e9n Quezada y Frank Ortiz, productores del programa El Expreso de la Ma\u00f1ana que se transmite por Tiempo 100.7.<\/p>\n\n\n\n<p>Al ser cuestionado sobre los resultados de las elecciones municipales pasadas, admiti\u00f3 que errores cometidos por su organizaci\u00f3n no lograron conquistar la alcald\u00eda y m\u00e1s concejales.<\/p>\n\n\n\n<p>Sobre ese particular dijo que se trabaja para no cometer errores y conquistar en las elecciones congresuales.<\/p>\n\n\n\n<p>Por otro lado, entiende que se hace necesaria una transformaci\u00f3n en el Congreso con personas que verdaderamente vayan a legislar por el bienestar de los m\u00e1s necesitados y la juventud carente de trabajo y estudio.<\/p>\n\n\n\n<p>Ivan Silva concluy\u00f3 exhortando a la poblaci\u00f3n a cuidarse del coronavirus, indicando que una de las acciones m\u00e1s importante para el combate del mismo en mantener las manos limpias.<\/p>\n\n\n\n<p><\/p>\n","protected":false},"excerpt":{"rendered":"<p>La Romana, Rep. Dominicana .- El candidato a senador por el Partido Revolucionario Moderno, Iv\u00e1n Silva confi\u00f3 en que las pr\u00f3ximas elecciones se alzar\u00e1 con la senadur\u00eda de la provincia de La Romana. Dijo que Los n\u00fameros est\u00e1n indicando la preferencia en el electorado. \u00abNo es prudente decirlo yo, eso lo dejaremos que lo diga [&hellip;]<\/p>\n","protected":false},"author":2,"featured_media":937,"comment_status":"open","ping_status":"open","sticky":true,"template":"","format":"standard","meta":{"footnotes":""},"categories":[34],"tags":[148,182],"class_list":{"0":"post-936","1":"post","2":"type-post","3":"status-publish","4":"format-standard","5":"has-post-thumbnail","7":"category-politica","8":"tag-ivan-silva","9":"tag-ivan-silva-esta-seguro-ganara-en-la-romana"},"_links":{"self":[{"href":"https:\/\/elpueblo.com.do\/api-json\/wp\/v2\/posts\/936","targetHints":{"allow":["GET"]}}],"collection":[{"href":"https:\/\/elpueblo.com.do\/api-json\/wp\/v2\/posts"}],"about":[{"href":"https:\/\/elpueblo.com.do\/api-json\/wp\/v2\/types\/post"}],"author":[{"embeddable":true,"href":"https:\/\/elpueblo.com.do\/api-json\/wp\/v2\/users\/2"}],"replies":[{"embeddable":true,"href":"https:\/\/elpueblo.com.do\/api-json\/wp\/v2\/comments?post=936"}],"version-history":[{"count":0,"href":"https:\/\/elpueblo.com.do\/api-json\/wp\/v2\/posts\/936\/revisions"}],"wp:featuredmedia":[{"embeddable":true,"href":"https:\/\/elpueblo.com.do\/api-json\/wp\/v2\/media\/937"}],"wp:attachment":[{"href":"https:\/\/elpueblo.com.do\/api-json\/wp\/v2\/media?parent=936"}],"wp:term":[{"taxonomy":"category","embeddable":true,"href":"https:\/\/elpueblo.com.do\/api-json\/wp\/v2\/categories?post=936"},{"taxonomy":"post_tag","embeddable":true,"href":"https:\/\/elpueblo.com.do\/api-json\/wp\/v2\/tags?post=936"}],"curies":[{"name":"wp","href":"https:\/\/api.w.org\/{rel}","templated":true}]}}