{"id":931,"date":"2020-05-13T14:16:37","date_gmt":"2020-05-13T18:16:37","guid":{"rendered":"https:\/\/elpueblo.com.do\/?p=931"},"modified":"2020-05-13T14:16:41","modified_gmt":"2020-05-13T18:16:41","slug":"raquel-pena-dice-desarrollara-politicas-que-reduzcan-desigualad-social","status":"publish","type":"post","link":"https:\/\/elpueblo.com.do\/actualidad\/raquel-pena-dice-desarrollara-politicas-que-reduzcan-desigualad-social\/931\/","title":{"rendered":"Raquel Pe\u00f1a dice desarrollar\u00e1 pol\u00edticas que reduzcan desigualad social"},"content":{"rendered":"\n<p><strong>Candidata vicepresidencial Raquel Pe\u00f1a; Rector de Instituto Loyola<br>Jos\u00e9 Nu\u00f1ez, padre Chepe<\/strong>.<\/p>\n\n\n\n<p>La candidata vicepresidencial del Partido Revolucionario Moderno, (PRM), Raquel Pe\u00f1a; dijo que desde la posici\u00f3n que ocupar\u00e1 a partir del pr\u00f3ximo 16 de agosto, tiene como prioridad, desarrollar en coordinaci\u00f3n con otras a\u00e9reas del ejecutivo, un conjunto de pol\u00edticas p\u00fablicas tendentes a reducir significativamente la brecha de la desigualdad social existente en nuestro pa\u00eds.<\/p>\n\n\n\n<p>La acad\u00e9mica, plante\u00f3 la urgente necesidad de detectar de forma efectiva los problemas sociales de las diferentes comunidades y realizar las acciones adecuadas para combatir desde el gobierno central, aquellos males que derivan en exclusi\u00f3n y pobreza.<\/p>\n\n\n\n<p>\u201cEsta pandemia ha agudizado las carencias de las personas que viven en condiciones materiales precarias, desvela un sistema social deficiente y nos llama a reflexi\u00f3n sobre la realidad que que padecen cientos de familias\u201d expres\u00f3 la candidata.<img decoding=\"async\" width=\"150\" height=\"263\" class=\"wp-image-932 lazyload\" style=\"--smush-placeholder-width: 150px; --smush-placeholder-aspect-ratio: 150\/263;width: 150px;\" data-src=\"https:\/\/elpueblo.com.do\/sources\/smush-webp\/2020\/05\/AX2I6622-scaled.jpg.webp\" alt=\"\" data-srcset=\"https:\/\/elpueblo.com.do\/sources\/smush-webp\/2020\/05\/AX2I6622-scaled.jpg.webp 1168w, https:\/\/elpueblo.com.do\/sources\/smush-webp\/2020\/05\/AX2I6622-171x300.jpg.webp 171w, https:\/\/elpueblo.com.do\/sources\/smush-webp\/2020\/05\/AX2I6622-584x1024.jpg.webp 584w, https:\/\/elpueblo.com.do\/sources\/smush-webp\/2020\/05\/AX2I6622-768x1346.jpg.webp 768w, https:\/\/elpueblo.com.do\/sources\/smush-webp\/2020\/05\/AX2I6622-876x1536.jpg.webp 876w, https:\/\/elpueblo.com.do\/sources\/smush-webp\/2020\/05\/AX2I6622-696x1220.jpg.webp 696w, https:\/\/elpueblo.com.do\/sources\/smush-webp\/2020\/05\/AX2I6622-1068x1872.jpg.webp 1068w, https:\/\/elpueblo.com.do\/sources\/smush-webp\/2020\/05\/AX2I6622-1920x3366.jpg.webp 1920w, https:\/\/elpueblo.com.do\/sources\/smush-webp\/2020\/05\/AX2I6622-240x420.jpg.webp 240w\" data-sizes=\"(max-width: 150px) 100vw, 150px\" src=\"data:image\/svg+xml;base64,PHN2ZyB3aWR0aD0iMSIgaGVpZ2h0PSIxIiB4bWxucz0iaHR0cDovL3d3dy53My5vcmcvMjAwMC9zdmciPjwvc3ZnPg==\" data-smush-webp-fallback=\"{&quot;data-src&quot;:&quot;https:\\\/\\\/elpueblo.com.do\\\/wp-content\\\/uploads\\\/2020\\\/05\\\/AX2I6622-scaled.jpg&quot;,&quot;data-srcset&quot;:&quot;https:\\\/\\\/elpueblo.com.do\\\/wp-content\\\/uploads\\\/2020\\\/05\\\/AX2I6622-scaled.jpg 1168w, https:\\\/\\\/elpueblo.com.do\\\/wp-content\\\/uploads\\\/2020\\\/05\\\/AX2I6622-171x300.jpg 171w, https:\\\/\\\/elpueblo.com.do\\\/wp-content\\\/uploads\\\/2020\\\/05\\\/AX2I6622-584x1024.jpg 584w, https:\\\/\\\/elpueblo.com.do\\\/wp-content\\\/uploads\\\/2020\\\/05\\\/AX2I6622-768x1346.jpg 768w, https:\\\/\\\/elpueblo.com.do\\\/wp-content\\\/uploads\\\/2020\\\/05\\\/AX2I6622-876x1536.jpg 876w, https:\\\/\\\/elpueblo.com.do\\\/wp-content\\\/uploads\\\/2020\\\/05\\\/AX2I6622-696x1220.jpg 696w, https:\\\/\\\/elpueblo.com.do\\\/wp-content\\\/uploads\\\/2020\\\/05\\\/AX2I6622-1068x1872.jpg 1068w, https:\\\/\\\/elpueblo.com.do\\\/wp-content\\\/uploads\\\/2020\\\/05\\\/AX2I6622-1920x3366.jpg 1920w, https:\\\/\\\/elpueblo.com.do\\\/wp-content\\\/uploads\\\/2020\\\/05\\\/AX2I6622-240x420.jpg 240w&quot;}\" \/><\/p>\n\n\n\n<p>Pe\u00f1a, compa\u00f1era de f\u00f3rmula de Luis Abinader, expres\u00f3 adem\u00e1s que el gobierno del cambio tiene como prop\u00f3sito, la creaci\u00f3n de m\u00e1s y mejores empleos, elevar los niveles educativos, promover y desarrollar la educaci\u00f3n t\u00e9cnica , todo ello; c\u00f3mo f\u00f3rmula para la disminuci\u00f3n de la desigualdad y la integraci\u00f3n de los j\u00f3venes a la producci\u00f3n nacional.<br>Esto ocurri\u00f3 en el marco de un recorrido de la aspirante a la provincia San Crist\u00f3bal, donde realiz\u00f3 la entrega de raciones que consisten en productos b\u00e1sicos de primera necesidad e insumos para la prevenci\u00f3n de la pandemia.<\/p>\n\n\n\n<p>Raquel Pe\u00f1a, visit\u00f3 las instalaciones el Instituto Polictenico Loyola, Instituto Preparatorio para Menores y la Industria Delicias del Agro, donde recibi\u00f3 el aporte de Juan Reyes Cuevas de 800 raciones alimenticias para ser utilizadas en la Ruta Solidaria.<\/p>\n","protected":false},"excerpt":{"rendered":"<p>Candidata vicepresidencial Raquel Pe\u00f1a; Rector de Instituto LoyolaJos\u00e9 Nu\u00f1ez, padre Chepe. La candidata vicepresidencial del Partido Revolucionario Moderno, (PRM), Raquel Pe\u00f1a; dijo que desde la posici\u00f3n que ocupar\u00e1 a partir del pr\u00f3ximo 16 de agosto, tiene como prioridad, desarrollar en coordinaci\u00f3n con otras a\u00e9reas del ejecutivo, un conjunto de pol\u00edticas p\u00fablicas tendentes a reducir significativamente [&hellip;]<\/p>\n","protected":false},"author":2,"featured_media":933,"comment_status":"open","ping_status":"open","sticky":true,"template":"","format":"standard","meta":{"footnotes":""},"categories":[32,34],"tags":[165,181],"class_list":{"0":"post-931","1":"post","2":"type-post","3":"status-publish","4":"format-standard","5":"has-post-thumbnail","7":"category-actualidad","8":"category-politica","9":"tag-raquel-pena","10":"tag-raquel-pena-dice-desarrollara-politicas-que-reduzcan-desigualad-social"},"_links":{"self":[{"href":"https:\/\/elpueblo.com.do\/api-json\/wp\/v2\/posts\/931","targetHints":{"allow":["GET"]}}],"collection":[{"href":"https:\/\/elpueblo.com.do\/api-json\/wp\/v2\/posts"}],"about":[{"href":"https:\/\/elpueblo.com.do\/api-json\/wp\/v2\/types\/post"}],"author":[{"embeddable":true,"href":"https:\/\/elpueblo.com.do\/api-json\/wp\/v2\/users\/2"}],"replies":[{"embeddable":true,"href":"https:\/\/elpueblo.com.do\/api-json\/wp\/v2\/comments?post=931"}],"version-history":[{"count":0,"href":"https:\/\/elpueblo.com.do\/api-json\/wp\/v2\/posts\/931\/revisions"}],"wp:featuredmedia":[{"embeddable":true,"href":"https:\/\/elpueblo.com.do\/api-json\/wp\/v2\/media\/933"}],"wp:attachment":[{"href":"https:\/\/elpueblo.com.do\/api-json\/wp\/v2\/media?parent=931"}],"wp:term":[{"taxonomy":"category","embeddable":true,"href":"https:\/\/elpueblo.com.do\/api-json\/wp\/v2\/categories?post=931"},{"taxonomy":"post_tag","embeddable":true,"href":"https:\/\/elpueblo.com.do\/api-json\/wp\/v2\/tags?post=931"}],"curies":[{"name":"wp","href":"https:\/\/api.w.org\/{rel}","templated":true}]}}