{"id":926,"date":"2020-05-12T20:41:19","date_gmt":"2020-05-13T00:41:19","guid":{"rendered":"https:\/\/elpueblo.com.do\/?p=926"},"modified":"2020-05-12T20:41:24","modified_gmt":"2020-05-13T00:41:24","slug":"alcaldesa-del-distrito-nacional-promueve-barrendera-al-departamento-legal","status":"publish","type":"post","link":"https:\/\/elpueblo.com.do\/actualidad\/politica\/alcaldesa-del-distrito-nacional-promueve-barrendera-al-departamento-legal\/926\/","title":{"rendered":"Alcaldesa del Distrito Nacional Promueve barrendera al departamento legal"},"content":{"rendered":"\n<p>\u201cUna historia conmovedora y ejemplarizante, cargada de sue\u00f1os y sacrificios, que merece ser espejo para muchos j\u00f3venes\u201d<br>Carolina Mej\u00eda, alcaldesa de la ciudad capital, ascendi\u00f3 a la empelada de la alcald\u00eda Katia de la Rosa, quien se desempe\u00f1aba como barrendera en el departamento de Aseo Urbano al \u00e1rea legal de dicha instituci\u00f3n, luego de enterarse por un reportaje period\u00edstico, que esta, hab\u00eda cursado la carrera de derecho y aun no la ejerc\u00eda.<\/p>\n\n\n\n<p><img decoding=\"async\" width=\"150\" height=\"96\" class=\"wp-image-927 lazyload\" style=\"--smush-placeholder-width: 150px; --smush-placeholder-aspect-ratio: 150\/96;width: 150px;\" data-src=\"https:\/\/elpueblo.com.do\/sources\/smush-webp\/2020\/05\/whatsapp-image-2020-05-12-at-2-40-17-pm_13877201_20200512155438.jpg.webp\" alt=\"\" data-srcset=\"https:\/\/elpueblo.com.do\/sources\/smush-webp\/2020\/05\/whatsapp-image-2020-05-12-at-2-40-17-pm_13877201_20200512155438.jpg.webp 546w, https:\/\/elpueblo.com.do\/sources\/smush-webp\/2020\/05\/whatsapp-image-2020-05-12-at-2-40-17-pm_13877201_20200512155438-300x192.jpg.webp 300w\" data-sizes=\"(max-width: 150px) 100vw, 150px\" src=\"data:image\/svg+xml;base64,PHN2ZyB3aWR0aD0iMSIgaGVpZ2h0PSIxIiB4bWxucz0iaHR0cDovL3d3dy53My5vcmcvMjAwMC9zdmciPjwvc3ZnPg==\" data-smush-webp-fallback=\"{&quot;data-src&quot;:&quot;https:\\\/\\\/elpueblo.com.do\\\/wp-content\\\/uploads\\\/2020\\\/05\\\/whatsapp-image-2020-05-12-at-2-40-17-pm_13877201_20200512155438.jpg&quot;,&quot;data-srcset&quot;:&quot;https:\\\/\\\/elpueblo.com.do\\\/wp-content\\\/uploads\\\/2020\\\/05\\\/whatsapp-image-2020-05-12-at-2-40-17-pm_13877201_20200512155438.jpg 546w, https:\\\/\\\/elpueblo.com.do\\\/wp-content\\\/uploads\\\/2020\\\/05\\\/whatsapp-image-2020-05-12-at-2-40-17-pm_13877201_20200512155438-300x192.jpg 300w&quot;}\" \/><br>Katia, quien lleva m\u00e1s de diez a\u00f1os realizando sus quehaceres de limpieza en las calles de la ciudad, a la fecha cuanta con 31 a\u00f1os y seg\u00fan el trabajo realizado por el List\u00edn Diario, viene desempe\u00f1ando ese oficio desde los 19, percibiendo un salario de poco m\u00e1s de siete mil pesos.<br>La edil, expres\u00f3 que siente mucha satisfacci\u00f3n por el hecho de poder ser parte de una historia conmovedora y ejemplarizante, cargada de sue\u00f1os y sacrificios, que merece ser espejo para muchos j\u00f3venes, que al igual que ella, aspiran a que la vida les d\u00e9 una oportunidad.<br>Mej\u00eda valor\u00f3 tambi\u00e9n, el hecho de que Katia, persistiera en ver realizados sus deseos convertirse en abogada, no obstante las dif\u00edciles circunstancias por las que ha tenido que atravesar, por lo que, ha dispuesto a la Directora del departamento legal, la incorporaci\u00f3n inmediata de De la Rosa a las faenas legales de la alcald\u00eda.<br>\u201cHas conmovido a muchos y has dado muestra de tu fe y tu fortaleza de esp\u00edritu, has cumplido tus sue\u00f1os y ahora le toca a la ciudad darte la oportunidad construir el futuro por el que tanto te esforzaste\u201d. Concluy\u00f3 Carolina.<\/p>\n","protected":false},"excerpt":{"rendered":"<p>\u201cUna historia conmovedora y ejemplarizante, cargada de sue\u00f1os y sacrificios, que merece ser espejo para muchos j\u00f3venes\u201dCarolina Mej\u00eda, alcaldesa de la ciudad capital, ascendi\u00f3 a la empelada de la alcald\u00eda Katia de la Rosa, quien se desempe\u00f1aba como barrendera en el departamento de Aseo Urbano al \u00e1rea legal de dicha instituci\u00f3n, luego de enterarse por [&hellip;]<\/p>\n","protected":false},"author":2,"featured_media":928,"comment_status":"open","ping_status":"open","sticky":true,"template":"","format":"standard","meta":{"footnotes":""},"categories":[34],"tags":[180,179],"class_list":{"0":"post-926","1":"post","2":"type-post","3":"status-publish","4":"format-standard","5":"has-post-thumbnail","7":"category-politica","8":"tag-alcaldesa-del-distrito-nacional-promueve-barrendera-al-departamento-legal","9":"tag-ascendio-a-la-empelada-de-la-alcaldia-katia-de-la-rosa"},"_links":{"self":[{"href":"https:\/\/elpueblo.com.do\/api-json\/wp\/v2\/posts\/926","targetHints":{"allow":["GET"]}}],"collection":[{"href":"https:\/\/elpueblo.com.do\/api-json\/wp\/v2\/posts"}],"about":[{"href":"https:\/\/elpueblo.com.do\/api-json\/wp\/v2\/types\/post"}],"author":[{"embeddable":true,"href":"https:\/\/elpueblo.com.do\/api-json\/wp\/v2\/users\/2"}],"replies":[{"embeddable":true,"href":"https:\/\/elpueblo.com.do\/api-json\/wp\/v2\/comments?post=926"}],"version-history":[{"count":0,"href":"https:\/\/elpueblo.com.do\/api-json\/wp\/v2\/posts\/926\/revisions"}],"wp:featuredmedia":[{"embeddable":true,"href":"https:\/\/elpueblo.com.do\/api-json\/wp\/v2\/media\/928"}],"wp:attachment":[{"href":"https:\/\/elpueblo.com.do\/api-json\/wp\/v2\/media?parent=926"}],"wp:term":[{"taxonomy":"category","embeddable":true,"href":"https:\/\/elpueblo.com.do\/api-json\/wp\/v2\/categories?post=926"},{"taxonomy":"post_tag","embeddable":true,"href":"https:\/\/elpueblo.com.do\/api-json\/wp\/v2\/tags?post=926"}],"curies":[{"name":"wp","href":"https:\/\/api.w.org\/{rel}","templated":true}]}}