{"id":918,"date":"2020-05-11T22:26:49","date_gmt":"2020-05-12T02:26:49","guid":{"rendered":"https:\/\/elpueblo.com.do\/?p=918"},"modified":"2020-05-11T22:27:58","modified_gmt":"2020-05-12T02:27:58","slug":"ivan-silva-realiza-donaciones-al-hospital-doctor-aristides-fiallo-cabral-en-la-romana","status":"publish","type":"post","link":"https:\/\/elpueblo.com.do\/actualidad\/politica\/ivan-silva-realiza-donaciones-al-hospital-doctor-aristides-fiallo-cabral-en-la-romana\/918\/","title":{"rendered":"Iv\u00e1n Silva realiza donaciones al Hospital Doctor Aristides Fiallo Cabral en La Romana"},"content":{"rendered":"\n<p>La Romana- El candidato a Senador por La Romana por Partido Revolucionario Moderno (PRM), doctor Iv\u00e1n Silva, realizo un donativo de mascarillas, trajes protectores y alimentos al personal medico, enfermeras, camilleros y paramedicos del Hospital Doctor Aristides Fiallo Cabral de esta provincia.<\/p>\n\n\n\n<p>\u00abEstamos aqu\u00ed con los h\u00e9roes y la gente que esta arriesgando su vida d\u00eda tras d\u00eda . Los m\u00e9dicos enfermeras y personal de seguridad de este centro de salud. Hemos tra\u00eddo art\u00edculos de primera necesidad, tales como trajes especiales, mascarillas, entre otros, para combatir esta crisis sanitaria. De igual forma, estamos donando alimentos durante semana y los d\u00edas venideros. Despu\u00e9s estaremos en el Hospital Doctor Francisco Gonzalvo, realizando estos mismos donativos tomando en cuenta las medidas higi\u00e9nicas de lugar\u00bb expreso Silva durante una rueda de prensa.<img decoding=\"async\" width=\"150\" height=\"198\" class=\"wp-image-919 lazyload\" style=\"--smush-placeholder-width: 150px; --smush-placeholder-aspect-ratio: 150\/198;width: 150px;\" data-src=\"https:\/\/elpueblo.com.do\/sources\/smush-webp\/2020\/05\/WhatsApp-Image-2020-05-11-at-9.04.47-PM.jpeg.webp\" alt=\"\" data-srcset=\"https:\/\/elpueblo.com.do\/sources\/smush-webp\/2020\/05\/WhatsApp-Image-2020-05-11-at-9.04.47-PM.jpeg.webp 971w, https:\/\/elpueblo.com.do\/sources\/smush-webp\/2020\/05\/WhatsApp-Image-2020-05-11-at-9.04.47-PM-228x300.jpeg.webp 228w, https:\/\/elpueblo.com.do\/sources\/smush-webp\/2020\/05\/WhatsApp-Image-2020-05-11-at-9.04.47-PM-777x1024.jpeg.webp 777w, https:\/\/elpueblo.com.do\/sources\/smush-webp\/2020\/05\/WhatsApp-Image-2020-05-11-at-9.04.47-PM-768x1012.jpeg.webp 768w, https:\/\/elpueblo.com.do\/sources\/smush-webp\/2020\/05\/WhatsApp-Image-2020-05-11-at-9.04.47-PM-696x917.jpeg.webp 696w, https:\/\/elpueblo.com.do\/sources\/smush-webp\/2020\/05\/WhatsApp-Image-2020-05-11-at-9.04.47-PM-319x420.jpeg.webp 319w\" data-sizes=\"(max-width: 150px) 100vw, 150px\" src=\"data:image\/svg+xml;base64,PHN2ZyB3aWR0aD0iMSIgaGVpZ2h0PSIxIiB4bWxucz0iaHR0cDovL3d3dy53My5vcmcvMjAwMC9zdmciPjwvc3ZnPg==\" data-smush-webp-fallback=\"{&quot;data-src&quot;:&quot;https:\\\/\\\/elpueblo.com.do\\\/wp-content\\\/uploads\\\/2020\\\/05\\\/WhatsApp-Image-2020-05-11-at-9.04.47-PM.jpeg&quot;,&quot;data-srcset&quot;:&quot;https:\\\/\\\/elpueblo.com.do\\\/wp-content\\\/uploads\\\/2020\\\/05\\\/WhatsApp-Image-2020-05-11-at-9.04.47-PM.jpeg 971w, https:\\\/\\\/elpueblo.com.do\\\/wp-content\\\/uploads\\\/2020\\\/05\\\/WhatsApp-Image-2020-05-11-at-9.04.47-PM-228x300.jpeg 228w, https:\\\/\\\/elpueblo.com.do\\\/wp-content\\\/uploads\\\/2020\\\/05\\\/WhatsApp-Image-2020-05-11-at-9.04.47-PM-777x1024.jpeg 777w, https:\\\/\\\/elpueblo.com.do\\\/wp-content\\\/uploads\\\/2020\\\/05\\\/WhatsApp-Image-2020-05-11-at-9.04.47-PM-768x1012.jpeg 768w, https:\\\/\\\/elpueblo.com.do\\\/wp-content\\\/uploads\\\/2020\\\/05\\\/WhatsApp-Image-2020-05-11-at-9.04.47-PM-696x917.jpeg 696w, https:\\\/\\\/elpueblo.com.do\\\/wp-content\\\/uploads\\\/2020\\\/05\\\/WhatsApp-Image-2020-05-11-at-9.04.47-PM-319x420.jpeg 319w&quot;}\" \/><\/p>\n\n\n\n<p>El tambi\u00e9n vicepresidente del PRM en La Romana, dijo que don\u00f3 a la alcadelsa del municipio de Guaymate, Ivelisse M\u00e9ndez , un cami\u00f3n recolector de basura con el objetivo de contrubir con los municipes de dicha demarcaci\u00f3n.<\/p>\n\n\n\n<p>Silva explic\u00f3 que ha realizado donativos al Cuerpo de Bomberos, a Guardar\u00edas y al Hogares de Ni\u00f1os y Ancianos. Recientemente, junto a la se\u00f1ora Rosario Pichardo de Rinc\u00f3n entregamos tabletas al asilo de ancianos para que ellos se comuniquen con sus familiares.<\/p>\n\n\n\n<p>El galeno y futuro Senador, dijo que a la fecha ha repartido un total de nueve mil raciones de alimentos en su provincia natal con la ayuda del candidato a la presidencia Luis Abinader. \u00abQueremos evitar que la gente salga de sus casas y con esta ayuda es la mejor forma de contribuir a que se queden en sus hogares y evitar el contagio del coronavirus. Este es una gran esfuerzo que hacemos de todo coraz\u00f3n para llevar estas ayudas a los m\u00e1s vulnerables\u00bb concluy\u00f3 Iv\u00e1n Silva.<\/p>\n","protected":false},"excerpt":{"rendered":"<p>La Romana- El candidato a Senador por La Romana por Partido Revolucionario Moderno (PRM), doctor Iv\u00e1n Silva, realizo un donativo de mascarillas, trajes protectores y alimentos al personal medico, enfermeras, camilleros y paramedicos del Hospital Doctor Aristides Fiallo Cabral de esta provincia. \u00abEstamos aqu\u00ed con los h\u00e9roes y la gente que esta arriesgando su vida [&hellip;]<\/p>\n","protected":false},"author":2,"featured_media":920,"comment_status":"open","ping_status":"open","sticky":true,"template":"","format":"standard","meta":{"footnotes":""},"categories":[34,37],"tags":[169,168],"class_list":{"0":"post-918","1":"post","2":"type-post","3":"status-publish","4":"format-standard","5":"has-post-thumbnail","7":"category-politica","8":"category-salud","9":"tag-hospital-doctor-aristides-fiallo-cabral-en-la-romana","10":"tag-ivan-silva-realiza-donaciones"},"_links":{"self":[{"href":"https:\/\/elpueblo.com.do\/api-json\/wp\/v2\/posts\/918","targetHints":{"allow":["GET"]}}],"collection":[{"href":"https:\/\/elpueblo.com.do\/api-json\/wp\/v2\/posts"}],"about":[{"href":"https:\/\/elpueblo.com.do\/api-json\/wp\/v2\/types\/post"}],"author":[{"embeddable":true,"href":"https:\/\/elpueblo.com.do\/api-json\/wp\/v2\/users\/2"}],"replies":[{"embeddable":true,"href":"https:\/\/elpueblo.com.do\/api-json\/wp\/v2\/comments?post=918"}],"version-history":[{"count":0,"href":"https:\/\/elpueblo.com.do\/api-json\/wp\/v2\/posts\/918\/revisions"}],"wp:featuredmedia":[{"embeddable":true,"href":"https:\/\/elpueblo.com.do\/api-json\/wp\/v2\/media\/920"}],"wp:attachment":[{"href":"https:\/\/elpueblo.com.do\/api-json\/wp\/v2\/media?parent=918"}],"wp:term":[{"taxonomy":"category","embeddable":true,"href":"https:\/\/elpueblo.com.do\/api-json\/wp\/v2\/categories?post=918"},{"taxonomy":"post_tag","embeddable":true,"href":"https:\/\/elpueblo.com.do\/api-json\/wp\/v2\/tags?post=918"}],"curies":[{"name":"wp","href":"https:\/\/api.w.org\/{rel}","templated":true}]}}