{"id":911,"date":"2020-05-11T22:05:25","date_gmt":"2020-05-12T02:05:25","guid":{"rendered":"https:\/\/elpueblo.com.do\/?p=911"},"modified":"2020-05-11T22:05:30","modified_gmt":"2020-05-12T02:05:30","slug":"raquel-pena-favorece-extender-ayudas-pero-ve-choque-de-intereses-en-que-margarita-maneje-programas-sociales","status":"publish","type":"post","link":"https:\/\/elpueblo.com.do\/actualidad\/politica\/raquel-pena-favorece-extender-ayudas-pero-ve-choque-de-intereses-en-que-margarita-maneje-programas-sociales\/911\/","title":{"rendered":"Raquel Pe\u00f1a favorece extender ayudas, pero ve choque de intereses en que Margarita maneje programas sociales"},"content":{"rendered":"\n<h4 class=\"wp-block-heading\"><strong>Candidata vicepresidencial del PRM la llam\u00f3 a pedir licencia del cargo para no politizar la crisis sanitaria<\/strong><\/h4>\n\n\n\n<p>Asegura que el manejo de la pandemia ha sido err\u00f3neo por parte del Gobierno<\/p>\n\n\n\n<figure class=\"wp-block-image\"><a href=\"https:\/\/i2.wp.com\/eldiariouniversal.com\/wp-content\/uploads\/2020\/03\/Raquel-Pe%C3%B1a-1-750x375-1.jpg?ssl=1\"><img decoding=\"async\" data-src=\"https:\/\/i2.wp.com\/eldiariouniversal.com\/wp-content\/uploads\/2020\/03\/Raquel-Pe%C3%B1a-1-750x375-1.jpg?resize=300%2C150&amp;ssl=1\" alt=\"\" class=\"wp-image-137046 lazyload\" src=\"data:image\/svg+xml;base64,PHN2ZyB3aWR0aD0iMSIgaGVpZ2h0PSIxIiB4bWxucz0iaHR0cDovL3d3dy53My5vcmcvMjAwMC9zdmciPjwvc3ZnPg==\" \/><\/a><\/figure>\n\n\n\n<p>La candidata vicepresidencial del Partido Revolucionario Moderno (PRM),&nbsp;<strong>Raquel Pe\u00f1a,<\/strong>&nbsp;favoreci\u00f3 este lunes que se extienda el programa&nbsp;<strong>\u201cQu\u00e9date en Casa\u201d,<\/strong>&nbsp;pero critic\u00f3 que la vicepresidenta&nbsp;<em>Margarita Cede\u00f1o<\/em>&nbsp;est\u00e9 manejando los programa sociales del Gobierno siendo candidata presidencial del partido oficial y en plena campa\u00f1a electoral.<\/p>\n\n\n\n<p>\u201cLo que se debe es revisar y, nosotros analizar, c\u00f3mo quien es ahora mismo la candidata a la vicepresidencia sigue manejando ese programa tan importante para el pa\u00eds, ah\u00ed hay un choque de intereses muy fuerte pol\u00edticamente hablando\u201d, expres\u00f3 en entrevista telef\u00f3nica con Diario Libre.<\/p>\n\n\n\n<p>Pe\u00f1a dijo que apoya que se extienda ese y los programas que sean necesarios para la salud y el bienestar de los m\u00e1s necesitados, pero no que se haga pol\u00edtica con esos programas sociales.<\/p>\n\n\n\n<p>\u201cSi usted es candidata, pues no puede llevar las dos cosas, coja una licencia y entonces el pa\u00eds que siga haciendo lo que tiene que hacer a trav\u00e9s de la asistencia social con los m\u00e1s necesitados\u201d, enfatiz\u00f3.<\/p>\n\n\n\n<p>Sobre el estado de emergencia, sostuvo que es un crimen politizar el tema de la salud, como a su entender lo ha hecho el partido de gobierno.<\/p>\n","protected":false},"excerpt":{"rendered":"<p>Candidata vicepresidencial del PRM la llam\u00f3 a pedir licencia del cargo para no politizar la crisis sanitaria Asegura que el manejo de la pandemia ha sido err\u00f3neo por parte del Gobierno La candidata vicepresidencial del Partido Revolucionario Moderno (PRM),&nbsp;Raquel Pe\u00f1a,&nbsp;favoreci\u00f3 este lunes que se extienda el programa&nbsp;\u201cQu\u00e9date en Casa\u201d,&nbsp;pero critic\u00f3 que la vicepresidenta&nbsp;Margarita Cede\u00f1o&nbsp;est\u00e9 manejando [&hellip;]<\/p>\n","protected":false},"author":2,"featured_media":912,"comment_status":"open","ping_status":"open","sticky":true,"template":"","format":"standard","meta":{"footnotes":""},"categories":[34],"tags":[164,166,165],"class_list":{"0":"post-911","1":"post","2":"type-post","3":"status-publish","4":"format-standard","5":"has-post-thumbnail","7":"category-politica","8":"tag-candidata-vicepresidencial-del-prm-la-llamo-a-pedir-licencia-del-cargo-para-no-politizar-la-crisis-sanitaria","9":"tag-favorecio-este-lunes-que-se-extienda-el-programa-quedate-en-casa","10":"tag-raquel-pena"},"_links":{"self":[{"href":"https:\/\/elpueblo.com.do\/api-json\/wp\/v2\/posts\/911","targetHints":{"allow":["GET"]}}],"collection":[{"href":"https:\/\/elpueblo.com.do\/api-json\/wp\/v2\/posts"}],"about":[{"href":"https:\/\/elpueblo.com.do\/api-json\/wp\/v2\/types\/post"}],"author":[{"embeddable":true,"href":"https:\/\/elpueblo.com.do\/api-json\/wp\/v2\/users\/2"}],"replies":[{"embeddable":true,"href":"https:\/\/elpueblo.com.do\/api-json\/wp\/v2\/comments?post=911"}],"version-history":[{"count":0,"href":"https:\/\/elpueblo.com.do\/api-json\/wp\/v2\/posts\/911\/revisions"}],"wp:featuredmedia":[{"embeddable":true,"href":"https:\/\/elpueblo.com.do\/api-json\/wp\/v2\/media\/912"}],"wp:attachment":[{"href":"https:\/\/elpueblo.com.do\/api-json\/wp\/v2\/media?parent=911"}],"wp:term":[{"taxonomy":"category","embeddable":true,"href":"https:\/\/elpueblo.com.do\/api-json\/wp\/v2\/categories?post=911"},{"taxonomy":"post_tag","embeddable":true,"href":"https:\/\/elpueblo.com.do\/api-json\/wp\/v2\/tags?post=911"}],"curies":[{"name":"wp","href":"https:\/\/api.w.org\/{rel}","templated":true}]}}