{"id":908,"date":"2020-05-10T21:00:00","date_gmt":"2020-05-11T01:00:00","guid":{"rendered":"https:\/\/elpueblo.com.do\/?p=908"},"modified":"2020-05-10T21:00:06","modified_gmt":"2020-05-11T01:00:06","slug":"raquel-pena-asegura-ruta-solidaria-lleva-esperanzas-a-familias-vulnerables","status":"publish","type":"post","link":"https:\/\/elpueblo.com.do\/actualidad\/raquel-pena-asegura-ruta-solidaria-lleva-esperanzas-a-familias-vulnerables\/908\/","title":{"rendered":"Raquel Pe\u00f1a asegura Ruta Solidaria lleva esperanzas a familias vulnerables"},"content":{"rendered":"\n<p> <strong>La compa\u00f1era de boleta del candidato presidencial del Partido Revolucionario Moderno y aliados (PRM), Raquel Pe\u00f1a<\/strong>, asegur\u00f3 que el programa de ayuda Ruta Solidaria, es una acci\u00f3n social que genera esperanzas a las personas en condici\u00f3n de vulnerabilidad ante la pandemia que azota al pa\u00eds y el mundo, mientras recorr\u00eda los municipios de Cabrera, Rio San Juan y Gaspar Hern\u00e1ndez.<\/p>\n\n\n\n<p> La empresaria, acad\u00e9mica y aspirante a la vicepresidencia de la Rep\u00fablica, dijo que, ante la dif\u00edcil situaci\u00f3n por la que atraviesan miles de dominicanos y dominicanas, la realidad convoca a todos los sectores de la vida nacional, a desarrollar programas tendentes a la mitigaci\u00f3n de los efectos negativos en las familias de escasos recursos.<\/p>\n\n\n\n<p> En el recorrido, Raquel Pe\u00f1a, hizo entregas de kits de pruebas r\u00e1pidas, as\u00ed como, materiales de protecci\u00f3n a las autoridades municipales para que estas a su vez, las hagan llegar a los diferentes hospitales, con el fin de que puedan identificar con rapidez posibles casos de contagios y que el personal de salud, en cada uno de ellos, est\u00e9 debidamente protegido.<\/p>\n\n\n\n<p> La candidata vicepresidencial, tambi\u00e9n don\u00f3 raciones alimentarias a iglesias, y otros sectores de la sociedad civil, dedicados a labores solidarias con quienes m\u00e1s lo necesitan. \u201cCon esta acci\u00f3n, el pr\u00f3ximo presidente de la Rep\u00fablica, y quien les habla queremos llevar fe y esperanza a aquellos hogares donde la pandemia desnuda sus carencias materiales\u201d enfatiz\u00f3. <\/p>\n\n\n\n<p>De igual modo, afirm\u00f3, que la Ruta Solidaria, adem\u00e1s de transmitir un mensaje de paz y esperanza, tiene como prioridad la realizaci\u00f3n de acciones concretas brinde soluciones a las necesidades b\u00e1sicas de los beneficiados del programa.<div> \u201cEsta es la labor que hacemos Luis Abinader y Raquel Pe\u00f1a en beneficio de las comunidades empobrecidas\u201d puntualiz\u00f3. Domingo, 10 de mayo del 2020.<\/div><\/p>\n","protected":false},"excerpt":{"rendered":"<p>La compa\u00f1era de boleta del candidato presidencial del Partido Revolucionario Moderno y aliados (PRM), Raquel Pe\u00f1a, asegur\u00f3 que el programa de ayuda Ruta Solidaria, es una acci\u00f3n social que genera esperanzas a las personas en condici\u00f3n de vulnerabilidad ante la pandemia que azota al pa\u00eds y el mundo, mientras recorr\u00eda los municipios de Cabrera, Rio [&hellip;]<\/p>\n","protected":false},"author":2,"featured_media":909,"comment_status":"open","ping_status":"open","sticky":true,"template":"","format":"standard","meta":{"footnotes":""},"categories":[32,34],"tags":[163,162,161,160],"class_list":{"0":"post-908","1":"post","2":"type-post","3":"status-publish","4":"format-standard","5":"has-post-thumbnail","7":"category-actualidad","8":"category-politica","9":"tag-raquel-pena-asegura-ruta-solidaria","10":"tag-raquel-pena-asegura-ruta-solidaria-lleva-esperanzas-a-familias-vulnerables","11":"tag-vice-de-luis-abinader-sigue-con-operativos","12":"tag-vice-sigue-con-jornada-de-ayudas"},"_links":{"self":[{"href":"https:\/\/elpueblo.com.do\/api-json\/wp\/v2\/posts\/908","targetHints":{"allow":["GET"]}}],"collection":[{"href":"https:\/\/elpueblo.com.do\/api-json\/wp\/v2\/posts"}],"about":[{"href":"https:\/\/elpueblo.com.do\/api-json\/wp\/v2\/types\/post"}],"author":[{"embeddable":true,"href":"https:\/\/elpueblo.com.do\/api-json\/wp\/v2\/users\/2"}],"replies":[{"embeddable":true,"href":"https:\/\/elpueblo.com.do\/api-json\/wp\/v2\/comments?post=908"}],"version-history":[{"count":0,"href":"https:\/\/elpueblo.com.do\/api-json\/wp\/v2\/posts\/908\/revisions"}],"wp:featuredmedia":[{"embeddable":true,"href":"https:\/\/elpueblo.com.do\/api-json\/wp\/v2\/media\/909"}],"wp:attachment":[{"href":"https:\/\/elpueblo.com.do\/api-json\/wp\/v2\/media?parent=908"}],"wp:term":[{"taxonomy":"category","embeddable":true,"href":"https:\/\/elpueblo.com.do\/api-json\/wp\/v2\/categories?post=908"},{"taxonomy":"post_tag","embeddable":true,"href":"https:\/\/elpueblo.com.do\/api-json\/wp\/v2\/tags?post=908"}],"curies":[{"name":"wp","href":"https:\/\/api.w.org\/{rel}","templated":true}]}}