{"id":903,"date":"2020-05-10T17:29:40","date_gmt":"2020-05-10T21:29:40","guid":{"rendered":"https:\/\/elpueblo.com.do\/?p=903"},"modified":"2020-05-10T17:29:45","modified_gmt":"2020-05-10T21:29:45","slug":"expresidente-colombiano-andres-pastrana-asegura-luis-abinader-ganara-elecciones","status":"publish","type":"post","link":"https:\/\/elpueblo.com.do\/actualidad\/expresidente-colombiano-andres-pastrana-asegura-luis-abinader-ganara-elecciones\/903\/","title":{"rendered":"Expresidente colombiano Andr\u00e9s Pastrana asegura Luis Abinader ganar\u00e1 elecciones"},"content":{"rendered":"\n<p><strong>Santo Domingo, RD<\/strong><\/p>\n\n\n\n<p>El presidente de la Internacional Dem\u00f3crata de Centro (IDC) y expresidente de Colombia, Andr\u00e9s Pastrana, ha manifestado su decidido apoyo al candidato presidencial dominicano, Luis Abinader, al considerarlo como el \u201chombre que necesita la Rep\u00fablica Dominicana\u201d.<\/p>\n\n\n\n<p>En esos t\u00e9rminos se expres\u00f3 en un video con el que envi\u00f3 un mensaje al pa\u00eds a trav\u00e9s de su amigo V\u00edctor -Ito- Bison\u00f3.<\/p>\n\n\n\n<p>Pastrana salud\u00f3 la participaci\u00f3n de Bison\u00f3 y su equipo en la campa\u00f1a presidencial de Luis Abinader, quien asegur\u00f3, ganar\u00e1 en las elecciones presidenciales venideras a celebrarse el pr\u00f3ximo 5 de julio.<\/p>\n\n\n\n<p>\u201cEstamos seguro que Luis Abinader va a ganar las elecciones, ha hecho una gran campa\u00f1a electoral y tiene todo el respaldo de la Internacional Dem\u00f3crata de Centro, es un gran amigo y es un hombre que necesita en este momento la Rep\u00fablica Dominicana. Los 100 partidos de la Internacional Dem\u00f3crata lo estamos respaldando y apoyando y en lo que est\u00e9 a nuestro alcance cuando sea presidente tambi\u00e9n lo vamos a hacer\u201d, manifest\u00f3 el tambi\u00e9n exalcalde de Bogot\u00e1.&nbsp;&nbsp;&nbsp;&nbsp;&nbsp;&nbsp;&nbsp;&nbsp;&nbsp;&nbsp;&nbsp;&nbsp;&nbsp;&nbsp;&nbsp;&nbsp;&nbsp;&nbsp;&nbsp;&nbsp;&nbsp;&nbsp;&nbsp;&nbsp;&nbsp;&nbsp;&nbsp;&nbsp;&nbsp;&nbsp;&nbsp;&nbsp;&nbsp;&nbsp;&nbsp;&nbsp;&nbsp;&nbsp;&nbsp;&nbsp;&nbsp;&nbsp;&nbsp; &nbsp;&nbsp;&nbsp;&nbsp;&nbsp;&nbsp;&nbsp;&nbsp;&nbsp;&nbsp;&nbsp;&nbsp;&nbsp;&nbsp;&nbsp;<\/p>\n\n\n\n<p>La Internacional Dem\u00f3crata Cristiana es una asociaci\u00f3n compuesta por partidos pol\u00edticos democratacristianos y socialcristianos de distintos pa\u00edses y regiones del mundo, y cuya ideolog\u00eda, seg\u00fan su declaraci\u00f3n de principios, se basa en el humanismo cristiano.<\/p>\n\n\n\n<p>La organizaci\u00f3n naci\u00f3 en el a\u00f1o 1961 bajo el nombre de Uni\u00f3n Mundial Dem\u00f3crata Cristiana, Fue creada por los Nuevos Equipos Internacionales, organizaci\u00f3n predecesora de la Uni\u00f3n Europea Dem\u00f3crata Cristiana (UEDC), la Organizaci\u00f3n Dem\u00f3crata Cristiana de Am\u00e9rica (ODCA) y la Uni\u00f3n Dem\u00f3crata Cristiana de Europa Central (UCDEC). Muchos de sus partidos miembros lo son tambi\u00e9n de la Uni\u00f3n Internacional Dem\u00f3crata, sin embargo, la IDC es m\u00e1s comunitaria y se ubica m\u00e1s al centro del espectro pol\u00edtico.<\/p>\n\n\n\n<p>Pastrana tambi\u00e9n forma parte de la red de liberales de Am\u00e9rica Latina de la cual Ito Bison\u00f3 es miembro de la mesa directiva y tesorero. Desde esa red han colaborado activamente en la defensa de la libertad y la democracia en el continente.<\/p>\n","protected":false},"excerpt":{"rendered":"<p>Santo Domingo, RD El presidente de la Internacional Dem\u00f3crata de Centro (IDC) y expresidente de Colombia, Andr\u00e9s Pastrana, ha manifestado su decidido apoyo al candidato presidencial dominicano, Luis Abinader, al considerarlo como el \u201chombre que necesita la Rep\u00fablica Dominicana\u201d. En esos t\u00e9rminos se expres\u00f3 en un video con el que envi\u00f3 un mensaje al pa\u00eds [&hellip;]<\/p>\n","protected":false},"author":2,"featured_media":904,"comment_status":"open","ping_status":"open","sticky":true,"template":"","format":"standard","meta":{"footnotes":""},"categories":[32,34],"tags":[159,158],"class_list":{"0":"post-903","1":"post","2":"type-post","3":"status-publish","4":"format-standard","5":"has-post-thumbnail","7":"category-actualidad","8":"category-politica","9":"tag-expresidente-colombiano-andres-pastrana-asegura-luis-abinader","10":"tag-expresidente-colombiano-andres-pastrana-asegura-luis-abinader-ganara"},"_links":{"self":[{"href":"https:\/\/elpueblo.com.do\/api-json\/wp\/v2\/posts\/903","targetHints":{"allow":["GET"]}}],"collection":[{"href":"https:\/\/elpueblo.com.do\/api-json\/wp\/v2\/posts"}],"about":[{"href":"https:\/\/elpueblo.com.do\/api-json\/wp\/v2\/types\/post"}],"author":[{"embeddable":true,"href":"https:\/\/elpueblo.com.do\/api-json\/wp\/v2\/users\/2"}],"replies":[{"embeddable":true,"href":"https:\/\/elpueblo.com.do\/api-json\/wp\/v2\/comments?post=903"}],"version-history":[{"count":0,"href":"https:\/\/elpueblo.com.do\/api-json\/wp\/v2\/posts\/903\/revisions"}],"wp:featuredmedia":[{"embeddable":true,"href":"https:\/\/elpueblo.com.do\/api-json\/wp\/v2\/media\/904"}],"wp:attachment":[{"href":"https:\/\/elpueblo.com.do\/api-json\/wp\/v2\/media?parent=903"}],"wp:term":[{"taxonomy":"category","embeddable":true,"href":"https:\/\/elpueblo.com.do\/api-json\/wp\/v2\/categories?post=903"},{"taxonomy":"post_tag","embeddable":true,"href":"https:\/\/elpueblo.com.do\/api-json\/wp\/v2\/tags?post=903"}],"curies":[{"name":"wp","href":"https:\/\/api.w.org\/{rel}","templated":true}]}}