{"id":900,"date":"2020-05-10T17:24:27","date_gmt":"2020-05-10T21:24:27","guid":{"rendered":"https:\/\/elpueblo.com.do\/?p=900"},"modified":"2020-05-10T17:24:33","modified_gmt":"2020-05-10T21:24:33","slug":"desconocidos-matan-a-balazos-a-dirigente-del-prm-en-santiago","status":"publish","type":"post","link":"https:\/\/elpueblo.com.do\/actualidad\/desconocidos-matan-a-balazos-a-dirigente-del-prm-en-santiago\/900\/","title":{"rendered":"Desconocidos matan a balazos a dirigente del PRM en Santiago"},"content":{"rendered":"\n<p><strong>Santiago. \u2013&nbsp;<\/strong>Desconocidos al borde de una motocicleta, le dispararon a un dirigente del Partido Revolucionario Moderno (PRM), en un hecho ocurrido en Cienfuegos, pr\u00f3ximo a la escuela San Francisco de As\u00eds en Santiago.<\/p>\n\n\n\n<p>El occiso fue identificado como <strong>Saturnino Plasencia <\/strong>de unos 50 a\u00f1os de edad, y de acuerdo a las informaciones, recibi\u00f3 varios disparos en la espalda.<\/p>\n\n\n\n<p>La v\u00edctima, quien era tambi\u00e9n supervisor en el Ayuntamiento del Nuevo Distrito de Santiago Oeste, fue despojado de un arma de fuego, la cual portaba de manera legal.<\/p>\n","protected":false},"excerpt":{"rendered":"<p>Santiago. \u2013&nbsp;Desconocidos al borde de una motocicleta, le dispararon a un dirigente del Partido Revolucionario Moderno (PRM), en un hecho ocurrido en Cienfuegos, pr\u00f3ximo a la escuela San Francisco de As\u00eds en Santiago. El occiso fue identificado como Saturnino Plasencia de unos 50 a\u00f1os de edad, y de acuerdo a las informaciones, recibi\u00f3 varios disparos [&hellip;]<\/p>\n","protected":false},"author":2,"featured_media":901,"comment_status":"open","ping_status":"open","sticky":true,"template":"","format":"standard","meta":{"footnotes":""},"categories":[32,34],"tags":[157,156],"class_list":{"0":"post-900","1":"post","2":"type-post","3":"status-publish","4":"format-standard","5":"has-post-thumbnail","7":"category-actualidad","8":"category-politica","9":"tag-matan-dirigente-prm-en-santiago","10":"tag-saturnino-plasencia"},"_links":{"self":[{"href":"https:\/\/elpueblo.com.do\/api-json\/wp\/v2\/posts\/900","targetHints":{"allow":["GET"]}}],"collection":[{"href":"https:\/\/elpueblo.com.do\/api-json\/wp\/v2\/posts"}],"about":[{"href":"https:\/\/elpueblo.com.do\/api-json\/wp\/v2\/types\/post"}],"author":[{"embeddable":true,"href":"https:\/\/elpueblo.com.do\/api-json\/wp\/v2\/users\/2"}],"replies":[{"embeddable":true,"href":"https:\/\/elpueblo.com.do\/api-json\/wp\/v2\/comments?post=900"}],"version-history":[{"count":0,"href":"https:\/\/elpueblo.com.do\/api-json\/wp\/v2\/posts\/900\/revisions"}],"wp:featuredmedia":[{"embeddable":true,"href":"https:\/\/elpueblo.com.do\/api-json\/wp\/v2\/media\/901"}],"wp:attachment":[{"href":"https:\/\/elpueblo.com.do\/api-json\/wp\/v2\/media?parent=900"}],"wp:term":[{"taxonomy":"category","embeddable":true,"href":"https:\/\/elpueblo.com.do\/api-json\/wp\/v2\/categories?post=900"},{"taxonomy":"post_tag","embeddable":true,"href":"https:\/\/elpueblo.com.do\/api-json\/wp\/v2\/tags?post=900"}],"curies":[{"name":"wp","href":"https:\/\/api.w.org\/{rel}","templated":true}]}}