{"id":893,"date":"2020-05-10T17:10:49","date_gmt":"2020-05-10T21:10:49","guid":{"rendered":"https:\/\/elpueblo.com.do\/?p=893"},"modified":"2020-05-10T17:10:54","modified_gmt":"2020-05-10T21:10:54","slug":"secretario-general-prm-santiago-denuncia-conspiracion-criminal-del-pld-contra-alcaldias-opositoras","status":"publish","type":"post","link":"https:\/\/elpueblo.com.do\/actualidad\/politica\/secretario-general-prm-santiago-denuncia-conspiracion-criminal-del-pld-contra-alcaldias-opositoras\/893\/","title":{"rendered":"Secretario general PRM Santiago denuncia conspiraci\u00f3n criminal del PLD contra alcald\u00edas opositoras"},"content":{"rendered":"\n<p><strong>Santiago, Rep. Dom<\/strong><\/p>\n\n\n\n<p><strong>.-<\/strong>\u00a0El secretario general del Comit\u00e9 Municipal del PRM denunci\u00f3 un presunto plan, orquestado por el Partido de la Liberaci\u00f3n Dominicana, en contra de las alcald\u00edas conquistadas por su organizaci\u00f3n pol\u00edtica en las pasadas elecciones.<\/p>\n\n\n\n<p>El licenciado Federico Reynoso se\u00f1al\u00f3 que las denuncias de sectores a lo interno del PLD, donde pretenden atribuir a dirigentes del PRM los incendios en los vertederos de Duquesa y Rafey carecen de soporte jur\u00eddico.<\/p>\n\n\n\n<p>\u201cHay todo una conspiraci\u00f3n oficial montada en contra de nuestros alcaldes y directores de Juntas Distritales\u201d afirm\u00f3 el comunicador social y dirigente opositor.<\/p>\n\n\n\n<p>Atribuye el presunto plan a la desesperaci\u00f3n de la direcci\u00f3n morada ante el crecimiento de la candidata del licenciado Luis Abinader, y su alegado inter\u00e9s en distraer la atenci\u00f3n p\u00fablica tras su responsabilidad con el avance del Covid-19.<\/p>\n\n\n\n<p>Reynoso entiende que como las autoridades no tienen respuestas a los males que afectan a la sociedad dominicana, recurren a maniobras penalizadas por todas las normativas jur\u00eddicas vigentes.<\/p>\n\n\n\n<p>\u201cAdem\u00e1s, no tienen como justificar que su candidato, Gonzalo Castillo, a pesar de utilizar los recursos del Estado en su campa\u00f1a no llega a un 30% en la preferencia de los votantes\u201d se\u00f1al\u00f3 Reynoso.<\/p>\n\n\n\n<p>El secretario general del Comit\u00e9 Municipal del Partido Revolucionario Moderno advirti\u00f3 que esa entidad defender\u00e1 la inocencia de sus alcaldes y encargados de Juntas Distritales en el terreno que sea necesario.<\/p>\n\n\n\n<p>Defendi\u00f3 que su partido haya apoderado a la Oficina Jur\u00eddica Jorge Luis Polanco para incoar demanda en contra del PLD y el alcalde Abel Mart\u00ednez, por formular imputaciones sin fundamento frente al incendio en el dep\u00f3sito de gomas del Eco Parque Rafey.<\/p>\n\n\n\n<p>Reynoso consider\u00f3 que el ejecutivo municipal fracas\u00f3 en su intento de llamar la atenci\u00f3n, improvisando una rueda de prensa en el coraz\u00f3n del vertedero, para acusar al PRM de la maniobra.<\/p>\n","protected":false},"excerpt":{"rendered":"<p>Santiago, Rep. Dom .-\u00a0El secretario general del Comit\u00e9 Municipal del PRM denunci\u00f3 un presunto plan, orquestado por el Partido de la Liberaci\u00f3n Dominicana, en contra de las alcald\u00edas conquistadas por su organizaci\u00f3n pol\u00edtica en las pasadas elecciones. El licenciado Federico Reynoso se\u00f1al\u00f3 que las denuncias de sectores a lo interno del PLD, donde pretenden atribuir [&hellip;]<\/p>\n","protected":false},"author":2,"featured_media":894,"comment_status":"open","ping_status":"open","sticky":true,"template":"","format":"standard","meta":{"footnotes":""},"categories":[34],"tags":[152],"class_list":{"0":"post-893","1":"post","2":"type-post","3":"status-publish","4":"format-standard","5":"has-post-thumbnail","7":"category-politica","8":"tag-secretario-general-prm-santiago-denuncia-conspiracion-criminal"},"_links":{"self":[{"href":"https:\/\/elpueblo.com.do\/api-json\/wp\/v2\/posts\/893","targetHints":{"allow":["GET"]}}],"collection":[{"href":"https:\/\/elpueblo.com.do\/api-json\/wp\/v2\/posts"}],"about":[{"href":"https:\/\/elpueblo.com.do\/api-json\/wp\/v2\/types\/post"}],"author":[{"embeddable":true,"href":"https:\/\/elpueblo.com.do\/api-json\/wp\/v2\/users\/2"}],"replies":[{"embeddable":true,"href":"https:\/\/elpueblo.com.do\/api-json\/wp\/v2\/comments?post=893"}],"version-history":[{"count":0,"href":"https:\/\/elpueblo.com.do\/api-json\/wp\/v2\/posts\/893\/revisions"}],"wp:featuredmedia":[{"embeddable":true,"href":"https:\/\/elpueblo.com.do\/api-json\/wp\/v2\/media\/894"}],"wp:attachment":[{"href":"https:\/\/elpueblo.com.do\/api-json\/wp\/v2\/media?parent=893"}],"wp:term":[{"taxonomy":"category","embeddable":true,"href":"https:\/\/elpueblo.com.do\/api-json\/wp\/v2\/categories?post=893"},{"taxonomy":"post_tag","embeddable":true,"href":"https:\/\/elpueblo.com.do\/api-json\/wp\/v2\/tags?post=893"}],"curies":[{"name":"wp","href":"https:\/\/api.w.org\/{rel}","templated":true}]}}