{"id":890,"date":"2020-05-10T17:05:28","date_gmt":"2020-05-10T21:05:28","guid":{"rendered":"https:\/\/elpueblo.com.do\/?p=890"},"modified":"2020-05-10T17:05:32","modified_gmt":"2020-05-10T21:05:32","slug":"pese-a-prohibicion-por-covid-19-el-pld-anuncia-inicio-campana-electoral","status":"publish","type":"post","link":"https:\/\/elpueblo.com.do\/actualidad\/pese-a-prohibicion-por-covid-19-el-pld-anuncia-inicio-campana-electoral\/890\/","title":{"rendered":"Pese a prohibici\u00f3n por COVID-19, el PLD anuncia inicio campa\u00f1a electoral"},"content":{"rendered":"\n<p>SANTO DOMINGO.- El Partido de la Liberaci\u00f3n Dominicana anunci\u00f3 el inicio de su campa\u00f1a electoral con encuentros provinciales para promover la candidatura de su candidato presidencial, Gonzalo Castillo.<\/p>\n\n\n\n<p>Los encuentros ser\u00e1n realizados \u201ctomando en consideraci\u00f3n las recomendaciones sanitarias para evitar los contagios del nuevo coronavirus Covid-19\u201d, seg\u00fan instrucciones del Comit\u00e9 Pol\u00edtico de la organizaci\u00f3n oficialista.<\/p>\n\n\n\n<p>El reinicio de la campa\u00f1a fue anunciado pese a que el pasado 17 de marzo el presidente Danilo Medina orden\u00f3 la suspensi\u00f3n de los actos proselitistas y otras medidas para frenar los contagios del coronavirus, lo que forz\u00f3 a los candidatos, especialmente de la oposici\u00f3n, a volcar sus esfuerzos de promoci\u00f3n a la asistencia social por el Covid-19.<\/p>\n","protected":false},"excerpt":{"rendered":"<p>SANTO DOMINGO.- El Partido de la Liberaci\u00f3n Dominicana anunci\u00f3 el inicio de su campa\u00f1a electoral con encuentros provinciales para promover la candidatura de su candidato presidencial, Gonzalo Castillo. Los encuentros ser\u00e1n realizados \u201ctomando en consideraci\u00f3n las recomendaciones sanitarias para evitar los contagios del nuevo coronavirus Covid-19\u201d, seg\u00fan instrucciones del Comit\u00e9 Pol\u00edtico de la organizaci\u00f3n oficialista. [&hellip;]<\/p>\n","protected":false},"author":2,"featured_media":891,"comment_status":"open","ping_status":"open","sticky":true,"template":"","format":"standard","meta":{"footnotes":""},"categories":[32,34],"tags":[151],"class_list":{"0":"post-890","1":"post","2":"type-post","3":"status-publish","4":"format-standard","5":"has-post-thumbnail","7":"category-actualidad","8":"category-politica","9":"tag-gonzalo-castillo-y-pld-inicio-de-campana-electoral"},"_links":{"self":[{"href":"https:\/\/elpueblo.com.do\/api-json\/wp\/v2\/posts\/890","targetHints":{"allow":["GET"]}}],"collection":[{"href":"https:\/\/elpueblo.com.do\/api-json\/wp\/v2\/posts"}],"about":[{"href":"https:\/\/elpueblo.com.do\/api-json\/wp\/v2\/types\/post"}],"author":[{"embeddable":true,"href":"https:\/\/elpueblo.com.do\/api-json\/wp\/v2\/users\/2"}],"replies":[{"embeddable":true,"href":"https:\/\/elpueblo.com.do\/api-json\/wp\/v2\/comments?post=890"}],"version-history":[{"count":0,"href":"https:\/\/elpueblo.com.do\/api-json\/wp\/v2\/posts\/890\/revisions"}],"wp:featuredmedia":[{"embeddable":true,"href":"https:\/\/elpueblo.com.do\/api-json\/wp\/v2\/media\/891"}],"wp:attachment":[{"href":"https:\/\/elpueblo.com.do\/api-json\/wp\/v2\/media?parent=890"}],"wp:term":[{"taxonomy":"category","embeddable":true,"href":"https:\/\/elpueblo.com.do\/api-json\/wp\/v2\/categories?post=890"},{"taxonomy":"post_tag","embeddable":true,"href":"https:\/\/elpueblo.com.do\/api-json\/wp\/v2\/tags?post=890"}],"curies":[{"name":"wp","href":"https:\/\/api.w.org\/{rel}","templated":true}]}}