{"id":886,"date":"2020-05-10T16:36:53","date_gmt":"2020-05-10T20:36:53","guid":{"rendered":"https:\/\/elpueblo.com.do\/?p=886"},"modified":"2020-05-10T16:36:57","modified_gmt":"2020-05-10T20:36:57","slug":"ing-deligne-asension-llama-a-dar-masivo-apoyo-a-ivan-silva","status":"publish","type":"post","link":"https:\/\/elpueblo.com.do\/actualidad\/ing-deligne-asension-llama-a-dar-masivo-apoyo-a-ivan-silva\/886\/","title":{"rendered":"Ing. Deligne Asension llama a dar Masivo Apoyo a Ivan Silva"},"content":{"rendered":"\n<p>La Romana -El dirigente pol\u00edtico, el ingeniero Deligne Ascensi\u00f3n, quien es el secretario nacional de organizaci\u00f3n del Partido Revolucionario Moderno (PRM)&nbsp; hizo un llamado a la comunidad romanense perreme\u00edsta, exhortando a que en las pr\u00f3ximas elecciones del 5 de julio, voten&nbsp; masivamente por el candidato a Senador por La Romana, Iv\u00e1n Silva, con la finalidad de garantizar el verdadero cambio en el pa\u00eds.<br>\u201cA los amigos de La Romana, especialmente a los participantes del PRM. Ha llegado el momento de escoger&nbsp; una persona que coloque a La Romana en el sitial que&nbsp; se merece. Y esa persona es el doctor Iv\u00e1n Silva, porque es un hombre cercano a la comunidad. Es muy comunitario, honesto y es una persona que ha llegado a la actividad pol\u00edtica para aportar y no para servirse.<br>&nbsp;Romanenses perreme\u00edsta, apoyen a Iv\u00e1n Silva y colocar\u00e1n a La Romana en el espacio que deben estar\u201d manifest\u00f3 Ascensi\u00f3n<br>Deligne tambi\u00e9n asegur\u00f3, que si Iv\u00e1n Silva llega al Congreso Nacional tiene la responsabilidad y el derecho desde una curul apoyar a su gente en los \u00e1mbitos de salud, turismo, deportes y empleo.Cabe mencionar, que Silva es vicepresidente del PRM en su provincia natal y asegura que con el esfuerzo y el arduo trabajo Luis Abinader va hacer el pr\u00f3ximo presidente de todos los dominicanos y \u00e9l seguro senador de La Romana.<br>&nbsp;El aspirante a senador Iv\u00e1n Silva por la provincia de La Romana viene realizando un trabajo con responsabilidad desde hace varios a\u00f1os por las personas m\u00e1s necesitadas en esta provincia.&nbsp;Silva, qui\u00e9n es m\u00e9dico de profesi\u00f3n ha expresado que su provincia ha sido olvidada por gente que ha gravitado por m\u00e1s de 30 a\u00f1os en la pol\u00edtica.<\/p>\n","protected":false},"excerpt":{"rendered":"<p>La Romana -El dirigente pol\u00edtico, el ingeniero Deligne Ascensi\u00f3n, quien es el secretario nacional de organizaci\u00f3n del Partido Revolucionario Moderno (PRM)&nbsp; hizo un llamado a la comunidad romanense perreme\u00edsta, exhortando a que en las pr\u00f3ximas elecciones del 5 de julio, voten&nbsp; masivamente por el candidato a Senador por La Romana, Iv\u00e1n Silva, con la finalidad [&hellip;]<\/p>\n","protected":false},"author":2,"featured_media":887,"comment_status":"open","ping_status":"open","sticky":true,"template":"","format":"standard","meta":{"footnotes":""},"categories":[32,34],"tags":[81,150,148,149],"class_list":{"0":"post-886","1":"post","2":"type-post","3":"status-publish","4":"format-standard","5":"has-post-thumbnail","7":"category-actualidad","8":"category-politica","9":"tag-candidato-por-el-prm-a-senador-ivan-silva","10":"tag-ing-deligne-asension-llama-a-dar-masivo-apoyo-a-ivan-silva","11":"tag-ivan-silva","12":"tag-ivan-silva-recibe-apoyo-del-dirigente-de-romana-deligne"},"_links":{"self":[{"href":"https:\/\/elpueblo.com.do\/api-json\/wp\/v2\/posts\/886","targetHints":{"allow":["GET"]}}],"collection":[{"href":"https:\/\/elpueblo.com.do\/api-json\/wp\/v2\/posts"}],"about":[{"href":"https:\/\/elpueblo.com.do\/api-json\/wp\/v2\/types\/post"}],"author":[{"embeddable":true,"href":"https:\/\/elpueblo.com.do\/api-json\/wp\/v2\/users\/2"}],"replies":[{"embeddable":true,"href":"https:\/\/elpueblo.com.do\/api-json\/wp\/v2\/comments?post=886"}],"version-history":[{"count":0,"href":"https:\/\/elpueblo.com.do\/api-json\/wp\/v2\/posts\/886\/revisions"}],"wp:featuredmedia":[{"embeddable":true,"href":"https:\/\/elpueblo.com.do\/api-json\/wp\/v2\/media\/887"}],"wp:attachment":[{"href":"https:\/\/elpueblo.com.do\/api-json\/wp\/v2\/media?parent=886"}],"wp:term":[{"taxonomy":"category","embeddable":true,"href":"https:\/\/elpueblo.com.do\/api-json\/wp\/v2\/categories?post=886"},{"taxonomy":"post_tag","embeddable":true,"href":"https:\/\/elpueblo.com.do\/api-json\/wp\/v2\/tags?post=886"}],"curies":[{"name":"wp","href":"https:\/\/api.w.org\/{rel}","templated":true}]}}