{"id":883,"date":"2020-05-09T23:04:10","date_gmt":"2020-05-10T03:04:10","guid":{"rendered":"https:\/\/elpueblo.com.do\/?p=883"},"modified":"2020-05-10T16:42:05","modified_gmt":"2020-05-10T20:42:05","slug":"candidata-a-vice-del-prm-lleva-ruta-solidaria-a-samana-y-maria-trinidad-sanchez","status":"publish","type":"post","link":"https:\/\/elpueblo.com.do\/actualidad\/candidata-a-vice-del-prm-lleva-ruta-solidaria-a-samana-y-maria-trinidad-sanchez\/883\/","title":{"rendered":"Candidata a Vice del PRM lleva Ruta Solidaria a Saman\u00e1 y Mar\u00eda Trinidad S\u00e1nchez"},"content":{"rendered":"\n<p><strong>Jurament\u00f3 tambi\u00e9n a las filas del PRM al secretario general del PRD en Saman\u00e1<\/strong><\/p>\n\n\n\n<p>Mar\u00eda Trinidad S\u00e1nchez- Raquel Pe\u00f1a, candidata vicepresidencial por el Partido Revolucionario Moderno (PRM), entreg\u00f3 donaciones a diferentes iglesias y centros de salud, a trav\u00e9s de la Ruta Solidaria, en las provincias Mar\u00eda Trinidad S\u00e1nchez y Saman\u00e1, con la finalidad de reducir los efectos de la crisis provocada por la pandemia, al mismo tiempo que jurament\u00f3 el secretario general del PRD, en Saman\u00e1.<\/p>\n\n\n\n<p>\u00abMe llena de satisfacci\u00f3n contribuir con el bienestar de nuestra gente, aportar desde nuestra posici\u00f3n un granito de arena para mejorar la vida y la salud del pueblo. Esa es nuestra prioridad en estos momentos\u201d dijo la compa\u00f1era de boleta de Luis Abinader.<\/p>\n\n\n\n<p>Pe\u00f1a, manifest\u00f3 que el candidato presidencial tambi\u00e9n recorre los diferentes puntos del pa\u00eds desarrollando la Ruta Solidaria, pues existe la necesidad de llegar en un tiempo corto a la mayor cantidad de personas necesitadas.<\/p>\n\n\n\n<p>Las donaciones, que consisten en raciones alimentarias, insumos de desinfecci\u00f3n y materiales de protecci\u00f3n, se est\u00e1n entregando mediante las iglesias, las juntas de vecinos, los l\u00edderes comunitarios y las organizaciones ben\u00e9ficas, a los fines de que no exista distinci\u00f3n alguna que impida que no les lleguen a las familias que m\u00e1s requieren estos aportes.<\/p>\n\n\n\n<p>Desde el inicio de la Ruta Solidaria, tambi\u00e9n se han priorizado las instituciones que trabajan con ni\u00f1os, ni\u00f1as y adolescentes, para que estos sufran lo menos posible los efectos de la crisis. En el recorrido se entregaron donaciones al Centro Asistencial para la Ni\u00f1ez Desamparada.<\/p>\n\n\n\n<p>Juramentaci\u00f3n<\/p>\n\n\n\n<p>En otro orden, Raquel Pe\u00f1a jurament\u00f3 al secretario general del Partido Revolucionario Dominicano -PRD- Pedro Jos\u00e9 L\u00f3pez quien pasa a apoyar a Luis Abinader y se suma de inmediato a las labores en aras de desplazar al PLD del poder.<\/p>\n\n\n\n<p>L\u00f3pez se comprometi\u00f3 a trabajar para que el PRM sea gobierno a partir del 5 de julio, dijo que tom\u00f3 la decisi\u00f3n porque en ese partido est\u00e1n los verdaderos principios morales y pol\u00edticos que le inculc\u00f3 el fenecido l\u00edder Jos\u00e9 Francisco Pe\u00f1a G\u00f3mez.<\/p>\n\n\n\n<p>En su recorrido la candidata estuvo acompa\u00f1ada por el alcalde de  S\u00e1nchez, Inocencio de Jes\u00fas Calca\u00f1o, Nelson N\u00fa\u00f1ez, alcalde de Saman\u00e1 y Junior Peralta, alcalde del municipio de Nagua.<\/p>\n\n\n\n<p>Adem\u00e1s, estaban presentes los candidatos a senadores Pedro Catrain y Alexis Vitoria, la candidata a diputada, Elizabeth Mart\u00ednez, el presidente del partido en el municipio de Nagua, Hostos Rizik, el presidente provincial del partido Dr. Camilo Medina y el Dr. Demetrio Vicente, presidente del PRM en Mar\u00eda Trinidad S\u00e1nchez.<\/p>\n\n\n\n<p><\/p>\n","protected":false},"excerpt":{"rendered":"<p>Jurament\u00f3 tambi\u00e9n a las filas del PRM al secretario general del PRD en Saman\u00e1 Mar\u00eda Trinidad S\u00e1nchez- Raquel Pe\u00f1a, candidata vicepresidencial por el Partido Revolucionario Moderno (PRM), entreg\u00f3 donaciones a diferentes iglesias y centros de salud, a trav\u00e9s de la Ruta Solidaria, en las provincias Mar\u00eda Trinidad S\u00e1nchez y Saman\u00e1, con la finalidad de reducir [&hellip;]<\/p>\n","protected":false},"author":2,"featured_media":884,"comment_status":"open","ping_status":"open","sticky":true,"template":"","format":"standard","meta":{"footnotes":""},"categories":[32,34],"tags":[],"class_list":{"0":"post-883","1":"post","2":"type-post","3":"status-publish","4":"format-standard","5":"has-post-thumbnail","7":"category-actualidad","8":"category-politica"},"_links":{"self":[{"href":"https:\/\/elpueblo.com.do\/api-json\/wp\/v2\/posts\/883","targetHints":{"allow":["GET"]}}],"collection":[{"href":"https:\/\/elpueblo.com.do\/api-json\/wp\/v2\/posts"}],"about":[{"href":"https:\/\/elpueblo.com.do\/api-json\/wp\/v2\/types\/post"}],"author":[{"embeddable":true,"href":"https:\/\/elpueblo.com.do\/api-json\/wp\/v2\/users\/2"}],"replies":[{"embeddable":true,"href":"https:\/\/elpueblo.com.do\/api-json\/wp\/v2\/comments?post=883"}],"version-history":[{"count":0,"href":"https:\/\/elpueblo.com.do\/api-json\/wp\/v2\/posts\/883\/revisions"}],"wp:featuredmedia":[{"embeddable":true,"href":"https:\/\/elpueblo.com.do\/api-json\/wp\/v2\/media\/884"}],"wp:attachment":[{"href":"https:\/\/elpueblo.com.do\/api-json\/wp\/v2\/media?parent=883"}],"wp:term":[{"taxonomy":"category","embeddable":true,"href":"https:\/\/elpueblo.com.do\/api-json\/wp\/v2\/categories?post=883"},{"taxonomy":"post_tag","embeddable":true,"href":"https:\/\/elpueblo.com.do\/api-json\/wp\/v2\/tags?post=883"}],"curies":[{"name":"wp","href":"https:\/\/api.w.org\/{rel}","templated":true}]}}