{"id":879,"date":"2020-05-09T13:11:52","date_gmt":"2020-05-09T17:11:52","guid":{"rendered":"https:\/\/elpueblo.com.do\/?p=879"},"modified":"2020-05-09T13:11:57","modified_gmt":"2020-05-09T17:11:57","slug":"presidente-danilo-medina-se-reune-con-comite-de-emergencia-para-combate-covid-19","status":"publish","type":"post","link":"https:\/\/elpueblo.com.do\/actualidad\/politica\/presidente-danilo-medina-se-reune-con-comite-de-emergencia-para-combate-covid-19\/879\/","title":{"rendered":"Presidente Danilo Medina se re\u00fane con Comit\u00e9 de Emergencia para combate Covid-19"},"content":{"rendered":"\n<p><strong>Santo Domingo, RD<\/strong><\/p>\n\n\n\n<p>El presidente de la Rep\u00fablica, Danilo Medina, se reuni\u00f3 este jueves con los miembros del Comit\u00e9 de Emergencia y Gesti\u00f3n Sanitaria para el combate del coronavirus en el pa\u00eds.<\/p>\n\n\n\n<p>En el encuentro le fue presentado al primer mandatario un informe referente al avance y estado actual de Covid-19 en territorio dominicano, de acuerdo con una informaci\u00f3n publicada por la Presidencia.<\/p>\n\n\n\n<p>En la reuni\u00f3n tambi\u00e9n estuvieron presentes los ministros de la Presidencia, Gustavo Montalvo; de Salud P\u00fablica, Rafael S\u00e1nchez C\u00e1rdenas; y de Econom\u00eda, Planificaci\u00f3n y Desarrollo, Juan Ariel Jim\u00e9nez.<\/p>\n\n\n\n<p>Adem\u00e1s, asisti\u00f3 al encuentro el director ejecutivo del Comit\u00e9 de Emergencia y Gesti\u00f3n Sanitaria para el Combate del coronavirus y asesor del Poder Ejecutivo en salud p\u00fablica y sistemas de desastres, emergencias masivas y cuidados cr\u00edticos, Amado Alejandro B\u00e1ez; y la directora ejecutiva de Laboratorios Referencia, Patricia Le\u00f3n.<\/p>\n\n\n\n<p>Junto a ellos estuvo Jos\u00e9 R. Yun\u00e9n, m\u00e9dico certificado en medicina interna, infectolog\u00eda, medicina cr\u00edtica y neurointensivo, y Jorge Marte B\u00e1ez, asesor m\u00e9dico del Poder Ejecutivo, entre otros representantes del Sistema Nacional de Salud, el Centro de Operaciones de Emergencias (COE) y la Direcci\u00f3n de Epidemiolog\u00eda del ministerio de Salud P\u00fablica.<\/p>\n","protected":false},"excerpt":{"rendered":"<p>Santo Domingo, RD El presidente de la Rep\u00fablica, Danilo Medina, se reuni\u00f3 este jueves con los miembros del Comit\u00e9 de Emergencia y Gesti\u00f3n Sanitaria para el combate del coronavirus en el pa\u00eds. En el encuentro le fue presentado al primer mandatario un informe referente al avance y estado actual de Covid-19 en territorio dominicano, de [&hellip;]<\/p>\n","protected":false},"author":2,"featured_media":880,"comment_status":"open","ping_status":"open","sticky":true,"template":"","format":"standard","meta":{"footnotes":""},"categories":[34,37],"tags":[146],"class_list":{"0":"post-879","1":"post","2":"type-post","3":"status-publish","4":"format-standard","5":"has-post-thumbnail","7":"category-politica","8":"category-salud","9":"tag-danilo-medina-se-reune-con-comite-de-emergencia"},"_links":{"self":[{"href":"https:\/\/elpueblo.com.do\/api-json\/wp\/v2\/posts\/879","targetHints":{"allow":["GET"]}}],"collection":[{"href":"https:\/\/elpueblo.com.do\/api-json\/wp\/v2\/posts"}],"about":[{"href":"https:\/\/elpueblo.com.do\/api-json\/wp\/v2\/types\/post"}],"author":[{"embeddable":true,"href":"https:\/\/elpueblo.com.do\/api-json\/wp\/v2\/users\/2"}],"replies":[{"embeddable":true,"href":"https:\/\/elpueblo.com.do\/api-json\/wp\/v2\/comments?post=879"}],"version-history":[{"count":0,"href":"https:\/\/elpueblo.com.do\/api-json\/wp\/v2\/posts\/879\/revisions"}],"wp:featuredmedia":[{"embeddable":true,"href":"https:\/\/elpueblo.com.do\/api-json\/wp\/v2\/media\/880"}],"wp:attachment":[{"href":"https:\/\/elpueblo.com.do\/api-json\/wp\/v2\/media?parent=879"}],"wp:term":[{"taxonomy":"category","embeddable":true,"href":"https:\/\/elpueblo.com.do\/api-json\/wp\/v2\/categories?post=879"},{"taxonomy":"post_tag","embeddable":true,"href":"https:\/\/elpueblo.com.do\/api-json\/wp\/v2\/tags?post=879"}],"curies":[{"name":"wp","href":"https:\/\/api.w.org\/{rel}","templated":true}]}}