{"id":862,"date":"2020-05-09T10:26:55","date_gmt":"2020-05-09T14:26:55","guid":{"rendered":"https:\/\/elpueblo.com.do\/?p=862"},"modified":"2020-05-09T10:27:25","modified_gmt":"2020-05-09T14:27:25","slug":"en-una-semana-de-gestion-como-alcaldesa-carolina-mejia-ha-encabezado-26-operativos-en-distintos-sectores-del-dn","status":"publish","type":"post","link":"https:\/\/elpueblo.com.do\/actualidad\/en-una-semana-de-gestion-como-alcaldesa-carolina-mejia-ha-encabezado-26-operativos-en-distintos-sectores-del-dn\/862\/","title":{"rendered":"En una semana de gesti\u00f3n como Alcaldesa Carolina Mej\u00eda ha encabezado 26 operativos en distintos sectores del DN"},"content":{"rendered":"\n<p><strong>Santo Domingo, Distrito Nacional. <\/strong><\/p>\n\n\n\n<p>La Alcald\u00eda del Distrito Nacional, contin\u00faa la realizaci\u00f3n de operativos de desinfecci\u00f3n y limpieza en el Distrito Nacional como medida de prevenci\u00f3n ante el COVID 19, en esta ocasi\u00f3n en el sector La Esperanza de la comunidad de Los R\u00edos.<\/p>\n\n\n\n<p>En un comunicado de prensa enviado este jueves a PeriodismoySociedad.net, la instituci\u00f3n destac\u00f3 que a la fecha se han realizado 26 operativos en los distintos sectores de la ciudad capital, desde que la alcaldesa Carolina Mej\u00eda tom\u00f3 posesi\u00f3n de cargo como gobernadora de la Ciudad Primada de Am\u00e9rica.<\/p>\n\n\n\n<p>M\u00e1s de 40 trabajadores operarios de las direcciones de Aseo Urbano y Gesti\u00f3n Ambiental estuvieron en la comunidad de la Esperanza, limpiando, fumigando y lavando las calles del sector en compa\u00f1\u00eda del Cuerpo de Bomberos del Distrito Nacional.<\/p>\n\n\n\n<div class=\"wp-block-image\"><figure class=\"alignleft\"><img decoding=\"async\" data-src=\"https:\/\/www.periodismoysociedad.net\/wp-content\/uploads\/2020\/05\/CAROLINA-MEJIA-ENCABEZA-OPERATIVOS-200x300.jpeg\" alt=\"\" class=\"wp-image-9493 lazyload\" src=\"data:image\/svg+xml;base64,PHN2ZyB3aWR0aD0iMSIgaGVpZ2h0PSIxIiB4bWxucz0iaHR0cDovL3d3dy53My5vcmcvMjAwMC9zdmciPjwvc3ZnPg==\" style=\"--smush-placeholder-width: 200px; --smush-placeholder-aspect-ratio: 200\/300;\" \/><\/figure><\/div>\n\n\n\n<p>Seg\u00fan indica la entidad en los pr\u00f3ximos d\u00edas se continuar\u00e1 trabajando en estos operativos en los sectores Puerto Isabela, conocido como el antiguo Hoyo de Chul\u00edn, el Ensanche Kennedy, el 24 de abril, y otros.<\/p>\n\n\n\n<p>La alcaldesa Carolina Mej\u00eda, recorri\u00f3 junto a los operarios el sector y aprovech\u00f3 para reiterarles a los ciudadanos que se asomaron a saludarles la importancia del uso de las mascarillas y guantes para su protecci\u00f3n, as\u00ed como el seguir las medidas implementadas en beneficio de la salud de todos los ciudadanos.<\/p>\n\n\n\n<p><strong>Tambi\u00e9n&nbsp;<\/strong><strong>visita vertedero de Duquesa y llama a despertar el esp\u00edritu de colaboraci\u00f3n en beneficio del Gran Santo Domingo.<\/strong><\/p>\n\n\n\n<p>La alcaldesa del Distrito Nacional, Carolina Mej\u00eda,&nbsp; visit\u00f3 la ma\u00f1ana de este mi\u00e9rcoles el vertedero de Duquesa junto al jefe del Cuerpo de Bomberos del Distrito Nacional Jos\u00e9 Lu\u00eds Herasme Fr\u00f3meta en supervisi\u00f3n de los&nbsp; trabajos que estos realizan junto a bomberos de otras demarcaciones para sofocar el incendio que actualmente afecta la salud de los ciudadanos en la capital y todo el Gran Santo Domingo.<\/p>\n\n\n\n<p>Mej\u00eda hizo un llamado al gobierno central de poner en marcha de una manera colaborativa y conjunta, las medidas que se tomaron en el marco de la creaci\u00f3n de la Comisi\u00f3n Presidencial para la Reestructuraci\u00f3n del Vertedero de Duquesa mediante el decreto 21-2020, que actualmente preside el Ministro Gustavo Montalvo.<\/p>\n\n\n\n<p>\u201cEs momento de no esperar m\u00e1s. Todo est\u00e1 definido\u201d, consider\u00f3 Mej\u00eda, tras se\u00f1alar que los estudios para sanear a Duquesa ya fueron elaborados y que solo falta que esos proyectos sean implementados por el Gobierno Central.<\/p>\n\n\n\n<p>\u201cExhorto a que entre todos pongamos en pr\u00e1ctica el esp\u00edritu de colaboraci\u00f3n. Estamos en un momento cr\u00edtico en nuestro pa\u00eds y debemos unir fuerzas m\u00e1s que nunca\u201d, concluy\u00f3 la alcaldesa.<\/p>\n\n\n\n<p>Record\u00f3 que a la fecha la Alcald\u00eda del Distrito Nacional, entidad que ella preside, ha cumplido siempre con su responsabilidad de pago, y reconoci\u00f3 la disposici\u00f3n con que se ha manejado la comisi\u00f3n de administraci\u00f3n del vertedero que ha permitido que se contin\u00fae virtiendo los desechos en el vertedero y as\u00ed cumplir con la limpieza de la ciudad.<\/p>\n\n\n\n<p>La alcaldesa expres\u00f3 gran preocupaci\u00f3n por el da\u00f1o a la salud de los ciudadanos del humo que expide el vertedero y que, por esa raz\u00f3n, visit\u00f3 el lugar para percatarse del trabajo que realiza el Cuerpo de Bomberos del Distrito Nacional junto a otras entidades.<\/p>\n\n\n\n<p>Durante la visita al vertedero tambi\u00e9n estuvieron presentes los alcaldes Manuel Jim\u00e9nez de Santo Domingo Este, Carlos Guzm\u00e1n de Santo Domingo Norte y Jos\u00e9 And\u00fajar de Santo Domingo Oeste<\/p>\n","protected":false},"excerpt":{"rendered":"<p>Santo Domingo, Distrito Nacional. La Alcald\u00eda del Distrito Nacional, contin\u00faa la realizaci\u00f3n de operativos de desinfecci\u00f3n y limpieza en el Distrito Nacional como medida de prevenci\u00f3n ante el COVID 19, en esta ocasi\u00f3n en el sector La Esperanza de la comunidad de Los R\u00edos. En un comunicado de prensa enviado este jueves a PeriodismoySociedad.net, la [&hellip;]<\/p>\n","protected":false},"author":2,"featured_media":863,"comment_status":"open","ping_status":"open","sticky":true,"template":"","format":"standard","meta":{"footnotes":""},"categories":[32,34,37],"tags":[142,141,140],"class_list":{"0":"post-862","1":"post","2":"type-post","3":"status-publish","4":"format-standard","5":"has-post-thumbnail","7":"category-actualidad","8":"category-politica","9":"category-salud","10":"tag-alcaldesa-carolina-mejia","11":"tag-carolina-mejia","12":"tag-carolina-mejia-ha-encabezado-26-operativos-en-distintos-sectores-del-dn"},"_links":{"self":[{"href":"https:\/\/elpueblo.com.do\/api-json\/wp\/v2\/posts\/862","targetHints":{"allow":["GET"]}}],"collection":[{"href":"https:\/\/elpueblo.com.do\/api-json\/wp\/v2\/posts"}],"about":[{"href":"https:\/\/elpueblo.com.do\/api-json\/wp\/v2\/types\/post"}],"author":[{"embeddable":true,"href":"https:\/\/elpueblo.com.do\/api-json\/wp\/v2\/users\/2"}],"replies":[{"embeddable":true,"href":"https:\/\/elpueblo.com.do\/api-json\/wp\/v2\/comments?post=862"}],"version-history":[{"count":0,"href":"https:\/\/elpueblo.com.do\/api-json\/wp\/v2\/posts\/862\/revisions"}],"wp:featuredmedia":[{"embeddable":true,"href":"https:\/\/elpueblo.com.do\/api-json\/wp\/v2\/media\/863"}],"wp:attachment":[{"href":"https:\/\/elpueblo.com.do\/api-json\/wp\/v2\/media?parent=862"}],"wp:term":[{"taxonomy":"category","embeddable":true,"href":"https:\/\/elpueblo.com.do\/api-json\/wp\/v2\/categories?post=862"},{"taxonomy":"post_tag","embeddable":true,"href":"https:\/\/elpueblo.com.do\/api-json\/wp\/v2\/tags?post=862"}],"curies":[{"name":"wp","href":"https:\/\/api.w.org\/{rel}","templated":true}]}}