{"id":843,"date":"2020-05-07T12:25:20","date_gmt":"2020-05-07T16:25:20","guid":{"rendered":"https:\/\/elpueblo.com.do\/?p=843"},"modified":"2020-05-07T12:25:27","modified_gmt":"2020-05-07T16:25:27","slug":"pena-mirabal-ministerio-de-educacion-propone-pasar-de-curso-a-todos-los-estudiantes","status":"publish","type":"post","link":"https:\/\/elpueblo.com.do\/actualidad\/pena-mirabal-ministerio-de-educacion-propone-pasar-de-curso-a-todos-los-estudiantes\/843\/","title":{"rendered":"Pe\u00f1a Mirabal. Ministerio de Educaci\u00f3n propone pasar de curso a todos los estudiantes"},"content":{"rendered":"\n<ul class=\"wp-block-list\"><li>Pe\u00f1a Mirabal explic\u00f3 que los educandos que no acumularon 70 puntos pasar\u00e1n de curso de manera condicionada<\/li><li>Contemplan adelantar en la primera semana de agosto el pr\u00f3ximo a\u00f1o escolar<\/li><\/ul>\n\n\n\n<figure class=\"wp-block-image\"><img decoding=\"async\" src=\"https:\/\/www.diariolibre.com\/placeholder\/svg\/viewbox\/546x350\" alt=\"$!Ministerio de Educaci\u00f3n propone pasar de curso a todos los estudiantes\" title=\"Ministerio de Educaci\u00f3n propone pasar de curso a todos los estudiantes\"\/><\/figure>\n\n\n\n<p>El ministro de Educaci\u00f3n, Antonio Pe\u00f1a Mirabal, revel\u00f3 que se analizan varias opciones para presentar una propuesta al&nbsp;<strong>Consejo Nacional de Educaci\u00f3n (CNE)&nbsp;<\/strong>en relaci\u00f3n con el cierre del presente a\u00f1o escolar, una de las cuales recomienda la promoci\u00f3n al grado siguiente de todos los estudiantes con dos opciones: una completa y otra condicionada.<\/p>\n\n\n\n<p>Indic\u00f3 que en la propuesta, a\u00fan en elaboraci\u00f3n por el equipo pedag\u00f3gico del&nbsp;<strong>MINERD,<\/strong>&nbsp;y que debe ser aprobada por el Consejo Nacional de Educaci\u00f3n (CNE), se tomar\u00eda en cuenta el promedio de notas registrado por los docentes sobre cada alumno hasta al \u00faltimo d\u00eda de clases presencial del pasado 12 de marzo.<\/p>\n\n\n\n<p>Pe\u00f1a Mirabal explic\u00f3 que los estudiantes que hayan alcanzado promedios por encima de los 70 puntos pasar\u00e1n de manera autom\u00e1tica al grado siguiente.<\/p>\n\n\n\n<p>Sin embargo, dijo, aquellos estudiantes cuyos promedios hayan estado por debajo de los 70 puntos tambi\u00e9n ser\u00edan promovidos de curso, pero con la condici\u00f3n de recibir un reforzamiento y una evaluaci\u00f3n por parte de los docentes, mediante la presentaci\u00f3n de un proyecto o trabajo que se les asignar\u00e1.<\/p>\n\n\n\n<p><\/p>\n\n\n\n<p>Dijo que la propuesta est\u00e1 sustentada en que se ha comprobado que los docentes hab\u00edan impartido a los estudiantes el 70% del curr\u00edculo, en el momento que fueron suspendidas las clases presenciales.<\/p>\n\n\n\n<p>\u201cAquellos estudiantes que al&nbsp;<strong>12 de marzo pasado&nbsp;<\/strong>hayan agotado el&nbsp;<strong>70 por ciento del curr\u00edculo,<\/strong>&nbsp;con una acumulaci\u00f3n de las calificaciones m\u00ednimas requeridas, ser\u00edan promovidos de grado\u201d, expuso.<\/p>\n\n\n\n<p>Entrevistado la noche de este mi\u00e9rcoles por la periodista Alicia Ortega en&nbsp;<em>Noticias SIN<\/em>&nbsp;de la televisora Color Visi\u00f3n, y por el profesor Julio Batista del programa&nbsp;<em>Hablan los Educadores<\/em>, el titular de la instituci\u00f3n rectora de la educaci\u00f3n preuniversitaria fue reiterativo al aclarar que los estudiantes que no re\u00fanan ese requisito fundamental en la evaluaci\u00f3n de grado, deber\u00e1n participar en el reforzamiento virtual que se lleva a cabo desde la declaraci\u00f3n de emergencia nacional por la pandemia.<\/p>\n\n\n\n<p>\u201cEn este momento de la grave crisis sanitaria, la cual ha generado tantas frustraciones en las sociedades mundiales, en especial en el seno de las familias, las evaluaciones tendr\u00e1n que aplicarse con la mayor flexibilidad posible para evitar afectar el progreso de los estudiantes\u201d, destac\u00f3 el funcionario, seg\u00fan una comunicaci\u00f3n de prensa sobre la entrevista.<\/p>\n\n\n\n<p>Pe\u00f1a Mirabal manifest\u00f3 que para evitar que los estudiantes lleguen con lagunas al grado siguiente avanzado en el actual a\u00f1o escolar, se les ha estado enviando de manera virtual los contenidos priorizados del 30 por ciento del curr\u00edculo rezagado, m\u00e1s un reforzamiento de todo lo que se imparti\u00f3 hasta el 12 de marzo.<\/p>\n\n\n\n<p>\u201cEstamos contemplando que el pr\u00f3ximo a\u00f1o escolar se anticipe en su inicio en la primera semana de agosto venidero, para de esa manera aprovechar los primeros 30 o 45 d\u00edas en la impartici\u00f3n del 30 por ciento pendiente del curr\u00edculo, con las materias fundamentales y b\u00e1sicas sin las cuales el estudiante no puede avanzar de grado\u201d, enfatiz\u00f3.<\/p>\n\n\n\n<p>Agreg\u00f3 que durante esos primeros 30 o 45 d\u00edas del pr\u00f3ximo a\u00f1o escolar, los estudiantes podr\u00e1n recibir el reforzamiento de manera presencial en las aulas, con los contenidos priorizados, para as\u00ed evitar que contin\u00faen con lagunas en todo el ciclo educativo.<\/p>\n\n\n\n<p>El ejecutivo del MINERD advirti\u00f3 que, ante la realidad sufrida por el sistema educativo nacional por el&nbsp;<strong>COVID 19, l<\/strong>a preparaci\u00f3n de los estudiantes requiere del concurso de los docentes y de las familias.<\/p>\n\n\n\n<p>Expuso que la plataforma tecnol\u00f3gica puesta en funcionamiento por el Ministerio de Educaci\u00f3n, a disposici\u00f3n de los docentes y los estudiantes, cuenta con los contenidos por grado y por materia que se imparten en el curr\u00edculo.<\/p>\n\n\n\n<p><\/p>\n","protected":false},"excerpt":{"rendered":"<p>Pe\u00f1a Mirabal explic\u00f3 que los educandos que no acumularon 70 puntos pasar\u00e1n de curso de manera condicionada Contemplan adelantar en la primera semana de agosto el pr\u00f3ximo a\u00f1o escolar El ministro de Educaci\u00f3n, Antonio Pe\u00f1a Mirabal, revel\u00f3 que se analizan varias opciones para presentar una propuesta al&nbsp;Consejo Nacional de Educaci\u00f3n (CNE)&nbsp;en relaci\u00f3n con el cierre [&hellip;]<\/p>\n","protected":false},"author":2,"featured_media":844,"comment_status":"open","ping_status":"open","sticky":true,"template":"","format":"standard","meta":{"footnotes":""},"categories":[32],"tags":[126,127],"class_list":{"0":"post-843","1":"post","2":"type-post","3":"status-publish","4":"format-standard","5":"has-post-thumbnail","7":"category-actualidad","8":"tag-ministerio-de-educacion","9":"tag-pena-mirabal-explico-que-los-educandos-que-no-acumularon-70-puntos"},"_links":{"self":[{"href":"https:\/\/elpueblo.com.do\/api-json\/wp\/v2\/posts\/843","targetHints":{"allow":["GET"]}}],"collection":[{"href":"https:\/\/elpueblo.com.do\/api-json\/wp\/v2\/posts"}],"about":[{"href":"https:\/\/elpueblo.com.do\/api-json\/wp\/v2\/types\/post"}],"author":[{"embeddable":true,"href":"https:\/\/elpueblo.com.do\/api-json\/wp\/v2\/users\/2"}],"replies":[{"embeddable":true,"href":"https:\/\/elpueblo.com.do\/api-json\/wp\/v2\/comments?post=843"}],"version-history":[{"count":0,"href":"https:\/\/elpueblo.com.do\/api-json\/wp\/v2\/posts\/843\/revisions"}],"wp:featuredmedia":[{"embeddable":true,"href":"https:\/\/elpueblo.com.do\/api-json\/wp\/v2\/media\/844"}],"wp:attachment":[{"href":"https:\/\/elpueblo.com.do\/api-json\/wp\/v2\/media?parent=843"}],"wp:term":[{"taxonomy":"category","embeddable":true,"href":"https:\/\/elpueblo.com.do\/api-json\/wp\/v2\/categories?post=843"},{"taxonomy":"post_tag","embeddable":true,"href":"https:\/\/elpueblo.com.do\/api-json\/wp\/v2\/tags?post=843"}],"curies":[{"name":"wp","href":"https:\/\/api.w.org\/{rel}","templated":true}]}}