{"id":840,"date":"2020-05-06T22:05:28","date_gmt":"2020-05-07T02:05:28","guid":{"rendered":"https:\/\/elpueblo.com.do\/?p=840"},"modified":"2020-05-06T22:05:34","modified_gmt":"2020-05-07T02:05:34","slug":"emergenciologos-denuncian-malas-condiciones-de-trabajo-en-medio-de-pandemia","status":"publish","type":"post","link":"https:\/\/elpueblo.com.do\/actualidad\/salud\/emergenciologos-denuncian-malas-condiciones-de-trabajo-en-medio-de-pandemia\/840\/","title":{"rendered":"Emergenci\u00f3logos denuncian malas condiciones de trabajo en medio de pandemia"},"content":{"rendered":"\n<p>M\u00e9dicos de Emergencia. (Foto: Rawpixel).<\/p>\n\n\n\n<h2 class=\"wp-block-heading\"><strong>Piden Sisalril los incluya entre beneficiarios de honorarios de pacientes de COVID-19.<\/strong><\/h2>\n\n\n\n<p>Como si no fuera suficiente con estar en la primera l\u00ednea de fuego en medio de la pandemia del coronavirus COVID-19, los m\u00e9dicos emergenci\u00f3logos del pa\u00eds tambi\u00e9n atraviesan por una serie de dificultades que empeoran su calidad de vida y su rendimiento laboral.<\/p>\n\n\n\n<p>Al respecto doctor&nbsp;<strong>Hairo Gonz\u00e1lez Bonilla<\/strong>, quien presta servicios en el hospital de Ciudad Juan Bosch, hizo un llamado al&nbsp;<strong>ministro de Salud<\/strong>,&nbsp;<strong>Rafael S\u00e1nchez C\u00e1rdenas<\/strong>, as\u00ed como a los directivos de la&nbsp;<strong>Superintendencia de Salud y Riesgos Laborales (Sisalril)&nbsp;<\/strong>y las ARS, a reconocer el desempe\u00f1o de los emergenci\u00f3logos en los centros hospitalarios y cl\u00ednicas del pais.<\/p>\n\n\n\n<figure class=\"wp-block-image\"><img decoding=\"async\" data-src=\"https:\/\/i2.wp.com\/www.saludnews.net\/wp-content\/uploads\/2020\/05\/Dr.-Hairo-Gonz%C3%A1lez.jpg?resize=322%2C411&amp;ssl=1\" alt=\"Emergenci\u00f3logos denuncian malas condiciones de trabajo en medio de pandemia\" class=\"wp-image-22822 lazyload\" src=\"data:image\/svg+xml;base64,PHN2ZyB3aWR0aD0iMSIgaGVpZ2h0PSIxIiB4bWxucz0iaHR0cDovL3d3dy53My5vcmcvMjAwMC9zdmciPjwvc3ZnPg==\" \/><figcaption>Dr. Hairo Gonz\u00e1lez. (Foto de archivo).<\/figcaption><\/figure>\n\n\n\n<p>Gonz\u00e1lez Bonilla expres\u00f3 su inconformidad por el comunicado dado a conocer por Sisalril en cuyo contenidos no se toma en cuenta la labor realizada por los especialistas de Emergencia frente al manejo de los pacientes afectados por el Covid-19, cuya pandemia sigue increment\u00e1ndose en el pa\u00eds con una alta letalidad.<\/p>\n\n\n\n<p>El facultativo explic\u00f3 que para ejercer su trabajo han tenido que hacerlo sin los equipos y herramientas indispensables ya que no son dotados de estos en los diferentes centros de salud, siendo ellos la primera l\u00ednea de atenci\u00f3n en los centros de salud.<\/p>\n\n\n\n<p>\u00abNosotros hemos tenido que comprar materiales para poder protegernos en las \u00e1reas de Emergencia de los hospitales, donde ya varios m\u00e9dicos se han infectado del virus, pero a\u00fan as\u00ed seguimos dando todo nuestro esfuerzo poniendonos en riesgo nosotros, nuestras familias y allegados\u00bb sostuvo Gonzalez Bonilla.<\/p>\n\n\n\n<p>Cit\u00f3 los casos de compa\u00f1eros que se han infectado en centros de San Crist\u00f3bal, en Santo Domingo, San Francisco de Macor\u00eds y otras ciudades que presentan cuadros complicados de la pandemia del COVID-19.<a href=\"https:\/\/www.saludnews.net\/la-ops-advierte-sobre-posible-escasez-de-sangre-durante-la-pandemia-del-covid-19\/\" target=\"_blank\" rel=\"noreferrer noopener\">Podr\u00eda interesarte:La OPS advierte sobre posible escasez de sangre durante la pandemia del COVID-19<\/a><\/p>\n\n\n\n<p>\u00abQueremos que Sisalril, las ARS, las cl\u00ednicas nos den el trato que merecemos, que los emergenci\u00f3logos somos los que estamos en la l\u00ednea de recepci\u00f3n de estos casos\u00bb, agreg\u00f3 Gonz\u00e1lez.<\/p>\n\n\n\n<p>Expres\u00f3 que la Sisalril debe incluir a los emergenci\u00f3logos dentro del grupo de especialistas que est\u00e1n la llamada \u2018l\u00ednea de fuego\u2019 frente al COVID-19 y que reciben aumento de la tarifa en lo que se refiere a honorarios m\u00e9dicos por parte de las aseguradoras de riesgos de salud.<\/p>\n","protected":false},"excerpt":{"rendered":"<p>M\u00e9dicos de Emergencia. (Foto: Rawpixel). Piden Sisalril los incluya entre beneficiarios de honorarios de pacientes de COVID-19. Como si no fuera suficiente con estar en la primera l\u00ednea de fuego en medio de la pandemia del coronavirus COVID-19, los m\u00e9dicos emergenci\u00f3logos del pa\u00eds tambi\u00e9n atraviesan por una serie de dificultades que empeoran su calidad de [&hellip;]<\/p>\n","protected":false},"author":2,"featured_media":841,"comment_status":"open","ping_status":"open","sticky":true,"template":"","format":"standard","meta":{"footnotes":""},"categories":[37],"tags":[123,125,124],"class_list":{"0":"post-840","1":"post","2":"type-post","3":"status-publish","4":"format-standard","5":"has-post-thumbnail","7":"category-salud","8":"tag-emergenciologos-denuncian-malas-condiciones-de-trabajo-en-medio-de-pandemia","9":"tag-piden-sisalril-los-incluya-entre-beneficiarios","10":"tag-piden-sisalril-los-incluya-entre-beneficiarios-de-honorarios-de-pacientes-de-covid-19"},"_links":{"self":[{"href":"https:\/\/elpueblo.com.do\/api-json\/wp\/v2\/posts\/840","targetHints":{"allow":["GET"]}}],"collection":[{"href":"https:\/\/elpueblo.com.do\/api-json\/wp\/v2\/posts"}],"about":[{"href":"https:\/\/elpueblo.com.do\/api-json\/wp\/v2\/types\/post"}],"author":[{"embeddable":true,"href":"https:\/\/elpueblo.com.do\/api-json\/wp\/v2\/users\/2"}],"replies":[{"embeddable":true,"href":"https:\/\/elpueblo.com.do\/api-json\/wp\/v2\/comments?post=840"}],"version-history":[{"count":0,"href":"https:\/\/elpueblo.com.do\/api-json\/wp\/v2\/posts\/840\/revisions"}],"wp:featuredmedia":[{"embeddable":true,"href":"https:\/\/elpueblo.com.do\/api-json\/wp\/v2\/media\/841"}],"wp:attachment":[{"href":"https:\/\/elpueblo.com.do\/api-json\/wp\/v2\/media?parent=840"}],"wp:term":[{"taxonomy":"category","embeddable":true,"href":"https:\/\/elpueblo.com.do\/api-json\/wp\/v2\/categories?post=840"},{"taxonomy":"post_tag","embeddable":true,"href":"https:\/\/elpueblo.com.do\/api-json\/wp\/v2\/tags?post=840"}],"curies":[{"name":"wp","href":"https:\/\/api.w.org\/{rel}","templated":true}]}}