{"id":833,"date":"2020-05-06T21:20:14","date_gmt":"2020-05-07T01:20:14","guid":{"rendered":"https:\/\/elpueblo.com.do\/?p=833"},"modified":"2020-05-06T21:20:20","modified_gmt":"2020-05-07T01:20:20","slug":"roberto-angel-salcedo-apoya-a-luis-abinader","status":"publish","type":"post","link":"https:\/\/elpueblo.com.do\/actualidad\/roberto-angel-salcedo-apoya-a-luis-abinader\/833\/","title":{"rendered":"Roberto Angel Salcedo apoya a Lu\u00eds Abinader"},"content":{"rendered":"\n<p>Santo Domingo RD.<\/p>\n\n\n\n<p>El joven empresario productor cinematogr\u00e1fico y un gran talento de nuestra televisi\u00f3n, anunci\u00f3 esta noche su apoyo a las aspiraciones presidenciales del Lic. Lu\u00eds Abinader.<\/p>\n\n\n\n<p>El famoso \u00abRobertico\u00bb como cari\u00f1osamente le conocemos expres\u00f3 de paso, su determinanci\u00f3n para apoyar el proyecto de cambio que representa el PRM con Lu\u00eds Abinader Presidente y Raquel Pe\u00f1a Vice. Mostrando su disposici\u00f3n de recorrer todo el pa\u00eds con el candidato en promoci\u00f3n de su candidatura.<\/p>\n\n\n\n<p>En una presentaci\u00f3n de ambos en las diferentes plataformas de redes sociales, ambos le confirmaron al pa\u00eds de ese gran paso de apoyo, que adem\u00e1s consolida las aspiraciones del proyecto encabezado por el lider opositor y las fuerzas aliadas al PRM.<\/p>\n","protected":false},"excerpt":{"rendered":"<p>Santo Domingo RD. El joven empresario productor cinematogr\u00e1fico y un gran talento de nuestra televisi\u00f3n, anunci\u00f3 esta noche su apoyo a las aspiraciones presidenciales del Lic. Lu\u00eds Abinader. El famoso \u00abRobertico\u00bb como cari\u00f1osamente le conocemos expres\u00f3 de paso, su determinanci\u00f3n para apoyar el proyecto de cambio que representa el PRM con Lu\u00eds Abinader Presidente y [&hellip;]<\/p>\n","protected":false},"author":2,"featured_media":834,"comment_status":"open","ping_status":"open","sticky":true,"template":"","format":"standard","meta":{"footnotes":""},"categories":[32,34],"tags":[118,119,117],"class_list":{"0":"post-833","1":"post","2":"type-post","3":"status-publish","4":"format-standard","5":"has-post-thumbnail","7":"category-actualidad","8":"category-politica","9":"tag-joven-empresario-productor-cimematografico-robertico","10":"tag-robertico-apoya-a-luis","11":"tag-roberto-angel-salcedo-apoya-a-luis-abinader"},"_links":{"self":[{"href":"https:\/\/elpueblo.com.do\/api-json\/wp\/v2\/posts\/833","targetHints":{"allow":["GET"]}}],"collection":[{"href":"https:\/\/elpueblo.com.do\/api-json\/wp\/v2\/posts"}],"about":[{"href":"https:\/\/elpueblo.com.do\/api-json\/wp\/v2\/types\/post"}],"author":[{"embeddable":true,"href":"https:\/\/elpueblo.com.do\/api-json\/wp\/v2\/users\/2"}],"replies":[{"embeddable":true,"href":"https:\/\/elpueblo.com.do\/api-json\/wp\/v2\/comments?post=833"}],"version-history":[{"count":0,"href":"https:\/\/elpueblo.com.do\/api-json\/wp\/v2\/posts\/833\/revisions"}],"wp:featuredmedia":[{"embeddable":true,"href":"https:\/\/elpueblo.com.do\/api-json\/wp\/v2\/media\/834"}],"wp:attachment":[{"href":"https:\/\/elpueblo.com.do\/api-json\/wp\/v2\/media?parent=833"}],"wp:term":[{"taxonomy":"category","embeddable":true,"href":"https:\/\/elpueblo.com.do\/api-json\/wp\/v2\/categories?post=833"},{"taxonomy":"post_tag","embeddable":true,"href":"https:\/\/elpueblo.com.do\/api-json\/wp\/v2\/tags?post=833"}],"curies":[{"name":"wp","href":"https:\/\/api.w.org\/{rel}","templated":true}]}}