{"id":830,"date":"2020-05-06T18:52:40","date_gmt":"2020-05-06T22:52:40","guid":{"rendered":"https:\/\/elpueblo.com.do\/?p=830"},"modified":"2020-05-06T18:52:46","modified_gmt":"2020-05-06T22:52:46","slug":"faride-rafulsi-no-nos-mata-el-covid-nos-va-a-matar-duquesa","status":"publish","type":"post","link":"https:\/\/elpueblo.com.do\/actualidad\/politica\/faride-rafulsi-no-nos-mata-el-covid-nos-va-a-matar-duquesa\/830\/","title":{"rendered":"Faride Raful\u201cSi no nos mata el COVID, nos va a matar Duquesa\u201d"},"content":{"rendered":"\n<p>Santo Domingo RD<\/p>\n\n\n\n<p>Contin\u00faan este mi\u00e9rcoles las quejas contra la humareda que produce el fuego en el vertedero de Duquesa, la cual se extiende por sectores del Gran Santo Domingo, especialmente en la noche.<\/p>\n\n\n\n<p>Faride Raful, diputada y aspirante a senadora por el Distrito Nacional del opositor Partido Revolucionario Moderno (PRM), fue una de las tantas personas que han expresado su disgusto por el incendio.<\/p>\n\n\n\n<p>\u201cSi no nos mata el Covid, nos va a matar Duquesa. Es inaudito lo que estamos pasando. Indigna, molesta y enferma. Las prioridades de nuestras pol\u00edticas p\u00fablicas est\u00e1n claras, nunca ha sido la salud y sin salud no hay pa\u00eds\u201d, plante\u00f3 en su cuenta de Twitter @Farideraful.<\/p>\n\n\n\n<p>La humareda causa problemas respiratorios y al\u00e9rgicos en las personas. El vertedero tiene nueve d\u00edas incendiado y no han valido los esfuerzos de las autoridades para apagarlo.<\/p>\n","protected":false},"excerpt":{"rendered":"<p>Santo Domingo RD Contin\u00faan este mi\u00e9rcoles las quejas contra la humareda que produce el fuego en el vertedero de Duquesa, la cual se extiende por sectores del Gran Santo Domingo, especialmente en la noche. Faride Raful, diputada y aspirante a senadora por el Distrito Nacional del opositor Partido Revolucionario Moderno (PRM), fue una de las [&hellip;]<\/p>\n","protected":false},"author":2,"featured_media":831,"comment_status":"open","ping_status":"open","sticky":true,"template":"","format":"standard","meta":{"footnotes":""},"categories":[34,37],"tags":[116,115,114],"class_list":{"0":"post-830","1":"post","2":"type-post","3":"status-publish","4":"format-standard","5":"has-post-thumbnail","7":"category-politica","8":"category-salud","9":"tag-diputada-y-aspirante-a-senadora-por-el-distrito-nacional","10":"tag-faride-raful","11":"tag-faride-si-no-nos-mata-el-covid"},"_links":{"self":[{"href":"https:\/\/elpueblo.com.do\/api-json\/wp\/v2\/posts\/830","targetHints":{"allow":["GET"]}}],"collection":[{"href":"https:\/\/elpueblo.com.do\/api-json\/wp\/v2\/posts"}],"about":[{"href":"https:\/\/elpueblo.com.do\/api-json\/wp\/v2\/types\/post"}],"author":[{"embeddable":true,"href":"https:\/\/elpueblo.com.do\/api-json\/wp\/v2\/users\/2"}],"replies":[{"embeddable":true,"href":"https:\/\/elpueblo.com.do\/api-json\/wp\/v2\/comments?post=830"}],"version-history":[{"count":0,"href":"https:\/\/elpueblo.com.do\/api-json\/wp\/v2\/posts\/830\/revisions"}],"wp:featuredmedia":[{"embeddable":true,"href":"https:\/\/elpueblo.com.do\/api-json\/wp\/v2\/media\/831"}],"wp:attachment":[{"href":"https:\/\/elpueblo.com.do\/api-json\/wp\/v2\/media?parent=830"}],"wp:term":[{"taxonomy":"category","embeddable":true,"href":"https:\/\/elpueblo.com.do\/api-json\/wp\/v2\/categories?post=830"},{"taxonomy":"post_tag","embeddable":true,"href":"https:\/\/elpueblo.com.do\/api-json\/wp\/v2\/tags?post=830"}],"curies":[{"name":"wp","href":"https:\/\/api.w.org\/{rel}","templated":true}]}}