{"id":827,"date":"2020-05-06T18:21:35","date_gmt":"2020-05-06T22:21:35","guid":{"rendered":"https:\/\/elpueblo.com.do\/?p=827"},"modified":"2020-05-06T18:21:41","modified_gmt":"2020-05-06T22:21:41","slug":"comerciantes-fdc-piden-al-gobierno-iniciar-la-apertura-gradual-de-la-economia-a-partir-del-lunes","status":"publish","type":"post","link":"https:\/\/elpueblo.com.do\/actualidad\/comerciantes-fdc-piden-al-gobierno-iniciar-la-apertura-gradual-de-la-economia-a-partir-del-lunes\/827\/","title":{"rendered":"Comerciantes (FDC) piden al Gobierno iniciar la apertura gradual de la econom\u00eda a partir del lunes"},"content":{"rendered":"\n<p>La&nbsp;<strong>Federaci\u00f3n Dominicana de Comerciantes (FDC)&nbsp;<\/strong>solicit\u00f3 al presidente de la Rep\u00fablica, Danilo Medina, que se inicie el pr\u00f3ximo lunes 11 de mayo la apertura gradual de los sectores del comercio que son esenciales para que las empresas autorizadas por el decreto presidencial 134-20 puedan continuar ofreciendo sus servicios y al mismo tiempo se contribuya al distanciamiento social.<\/p>\n\n\n\n<p>Durante una rueda de prensa, Iv\u00e1n Garc\u00eda, presidente y vocero de la FDC, plante\u00f3 que las ferreter\u00edas, tiendas de repuestos, talleres de mec\u00e1nica y tiendas de electrodom\u00e9sticos tienen que empezar a ofrecer sus servicios para que disminuyan las extensas filas de las grandes cadenas comerciales que ofrecen los mismos servicios que las micro, peque\u00f1as y medianas empresas del pa\u00eds. Afirma que los consumidores visitar\u00edan los comercios de sus barrios y pueblos, y descongestionar\u00edan las enormes filas que existen en la actualidad.<\/p>\n\n\n\n<p>Garc\u00eda expres\u00f3 que no se oponen a que las grandes cadenas y tiendas de repuestos contin\u00faen operando. Pero entienden que \u201cque las Mipymes del pa\u00eds tienen el derecho a ofrecer sus servicios a sus clientes\u201d, siempre actuando de acuerdo con los protocolos de seguridad del Ministerio de Salud.<\/p>\n\n\n\n<p>El dirigente comercial destac\u00f3 que las Mipymes son el 97% de las empresas del pa\u00eds, y que se resisten a creer que se est\u00e9 produciendo un ambiente para la desaparici\u00f3n del sector mayor empleador, en beneficio de las grandes empresas.<\/p>\n\n\n\n<p><\/p>\n","protected":false},"excerpt":{"rendered":"<p>La&nbsp;Federaci\u00f3n Dominicana de Comerciantes (FDC)&nbsp;solicit\u00f3 al presidente de la Rep\u00fablica, Danilo Medina, que se inicie el pr\u00f3ximo lunes 11 de mayo la apertura gradual de los sectores del comercio que son esenciales para que las empresas autorizadas por el decreto presidencial 134-20 puedan continuar ofreciendo sus servicios y al mismo tiempo se contribuya al distanciamiento [&hellip;]<\/p>\n","protected":false},"author":2,"featured_media":829,"comment_status":"open","ping_status":"open","sticky":true,"template":"","format":"standard","meta":{"footnotes":""},"categories":[32,41],"tags":[111,110,113,112],"class_list":{"0":"post-827","1":"post","2":"type-post","3":"status-publish","4":"format-standard","5":"has-post-thumbnail","7":"category-actualidad","8":"category-economia","9":"tag-ivan-garcia","10":"tag-la-federacion-dominicana-de-comerciantes-fdc","11":"tag-mipymes-del-pais-tienen-el-derecho-a-ofrecer-sus-servicios-a-sus-clientes","12":"tag-presidente-y-vocero-de-la-fdc"},"_links":{"self":[{"href":"https:\/\/elpueblo.com.do\/api-json\/wp\/v2\/posts\/827","targetHints":{"allow":["GET"]}}],"collection":[{"href":"https:\/\/elpueblo.com.do\/api-json\/wp\/v2\/posts"}],"about":[{"href":"https:\/\/elpueblo.com.do\/api-json\/wp\/v2\/types\/post"}],"author":[{"embeddable":true,"href":"https:\/\/elpueblo.com.do\/api-json\/wp\/v2\/users\/2"}],"replies":[{"embeddable":true,"href":"https:\/\/elpueblo.com.do\/api-json\/wp\/v2\/comments?post=827"}],"version-history":[{"count":0,"href":"https:\/\/elpueblo.com.do\/api-json\/wp\/v2\/posts\/827\/revisions"}],"wp:featuredmedia":[{"embeddable":true,"href":"https:\/\/elpueblo.com.do\/api-json\/wp\/v2\/media\/829"}],"wp:attachment":[{"href":"https:\/\/elpueblo.com.do\/api-json\/wp\/v2\/media?parent=827"}],"wp:term":[{"taxonomy":"category","embeddable":true,"href":"https:\/\/elpueblo.com.do\/api-json\/wp\/v2\/categories?post=827"},{"taxonomy":"post_tag","embeddable":true,"href":"https:\/\/elpueblo.com.do\/api-json\/wp\/v2\/tags?post=827"}],"curies":[{"name":"wp","href":"https:\/\/api.w.org\/{rel}","templated":true}]}}