{"id":821,"date":"2020-05-06T17:43:03","date_gmt":"2020-05-06T21:43:03","guid":{"rendered":"https:\/\/elpueblo.com.do\/?p=821"},"modified":"2020-05-06T17:43:09","modified_gmt":"2020-05-06T21:43:09","slug":"prm-alcaldias-y-protocolo-de-actuacion-municipal","status":"publish","type":"post","link":"https:\/\/elpueblo.com.do\/opinion\/prm-alcaldias-y-protocolo-de-actuacion-municipal\/821\/","title":{"rendered":"PRM, alcald\u00edas y protocolo de actuaci\u00f3n municipal"},"content":{"rendered":"\n<p><a href=\"https:\/\/acento.com.do\/author\/jleyba\/\">Joan Leyba Mej\u00eda<\/a>\u00a0\u00a0<\/p>\n\n\n\n<p>\u201c<em>No por ello dejar\u00e1n de experimentar que los hombres se procuran con mucho mayor facilidad lo que necesitan mediante la ayuda mutua y que solo uniendo sus fuerzas pueden evitar los peligros que los amenazan por todas partes<\/em>\u201d. \u2013Baruch Spinoza-.<\/p>\n\n\n\n<p>El Estado, en su infinita funci\u00f3n de regular la convivencia de los ciudadanos, brindar protecci\u00f3n y seguridad, as\u00ed como, garantizar el fiel cumplimento de los requerimientos normativos que vierten sobre su estatuto general, las disposiciones establecidas para la incorporaci\u00f3n de derechos que permitan al individuo, en su condici\u00f3n de hombre colectivo, disfrutar de forma plena, esas prerrogativas. Otorga a los municipios la capacidad de brindar y promover el bienestar social y econ\u00f3mico de sus habitantes.<\/p>\n\n\n\n<p>Los ayuntamientos, instituciones de car\u00e1cter administrativo con capacidad legal para instituir mediante los mecanismos establecidos previamente en la Constituci\u00f3n y la ley org\u00e1nica. Por ello, est\u00e1n en la obligaci\u00f3n de crear las condiciones para satisfacer, con la ejecuci\u00f3n de pol\u00edticas p\u00fablicas, las aspiraciones humanas y producir la mitigaci\u00f3n de las carencias surgidas en el conjunto social. Instaurando factores adecuados con el fin de mejorar sustancialmente la vida de estos a partir de la inversi\u00f3n de recursos humanos y econ\u00f3micos con direcci\u00f3n a la b\u00fasqueda del bien com\u00fan.<\/p>\n\n\n\n<p>En esa b\u00fasqueda, de car\u00e1cter permanente, han de procurar la adquisici\u00f3n de elementos cohesionadores en los que prevalezca el germen de la colaboraci\u00f3n, la integraci\u00f3n del conjunto social tutelado y la conexi\u00f3n arm\u00f3nica entre las necesidades previamente identificadas y la aplicaci\u00f3n del poder en funci\u00f3n de la medidas adoptadas por v\u00eda de la autoridad delegada. Reconociendo, el valor surgido de la unidad de los grupos componentes de los espacios vitales y actuando apegado a los criterios que beneficien al mayor n\u00fameros de personas posibles.<\/p>\n\n\n\n<p>De ah\u00ed, supongo, el empe\u00f1o del Partido Revolucionario Moderno y su candidato presidencial Luis Abinader, de elaborar un protocolo que permita dentro del marco de aplicaci\u00f3n de cada demarcaci\u00f3n, por aquello de las peculiaridades caracter\u00edsticas, culturales y socioecon\u00f3micas de los municipios, un plan de ejecuci\u00f3n pensado en el cumplimiento riguroso de los par\u00e1metros legales, morales y \u00e9ticos advertidos en las normas de la administraci\u00f3n p\u00fablica para la realizaci\u00f3n de labores municipales con estricto apego a sus lineamientos filos\u00f3ficos.<\/p>\n\n\n\n<p>Con esto, env\u00eda a la poblaci\u00f3n las se\u00f1ales necesarias, de que, desde el r\u00e9gimen de Estado a partir de un gobierno perreme\u00edsta, se persigue la visi\u00f3n integral de la administraci\u00f3n de la cosa p\u00fablica, con cimientos en la inclusi\u00f3n de los estamentos estatales para la argumentaci\u00f3n y posterior puesta en marcha de proyectos destinados a producir mejoras sustanciales a los hijos de Duarte y Luper\u00f3n. Y, despeja cualquier duda fundamentada en el pasado, sobre la capacidad gerencial y el enfoque pr\u00e1ctico de su dirigencia, marcada desde ya con la fe que genera en el pol\u00edtico la vocaci\u00f3n de servir a los dem\u00e1s.<\/p>\n\n\n\n<p>Se cristaliza el sue\u00f1o del m\u00e1s importante mentor de la organizaci\u00f3n, quien abog\u00f3 en vida por un poder municipal m\u00e1s robusto, por la articulaci\u00f3n presupuestaria de cara a la descentralizaci\u00f3n y hacer del aparato municipal el mejor aliado del pueblo. Esas acciones, sin dudas, ense\u00f1an a otros partidos, como dice Elsa Saint-Amand Vallejo, \u201cla conveniencia de compartir, de modo que los bienes puedan ser adquiridos de manera colectiva, en el marco de una filosof\u00eda de respeto por las diferencias\u201d.<\/p>\n","protected":false},"excerpt":{"rendered":"<p>El Estado, en su infinita funci\u00f3n de regular la convivencia de los ciudadanos, brindar protecci\u00f3n y seguridad, as\u00ed como, garantizar el fiel cumplimento de los requerimientos normativos que vierten sobre su estatuto general, las disposiciones establecidas para la incorporaci\u00f3n de derechos que permitan al individuo, en su condici\u00f3n de hombre colectivo, disfrutar de forma plena, esas prerrogativas. Otorga a los municipios la capacidad de brindar y promover el bienestar social y econ\u00f3mico de sus habitantes.<\/p>\n","protected":false},"author":2,"featured_media":822,"comment_status":"open","ping_status":"open","sticky":true,"template":"","format":"standard","meta":{"footnotes":""},"categories":[33,34],"tags":[104,106,103,105],"class_list":{"0":"post-821","1":"post","2":"type-post","3":"status-publish","4":"format-standard","5":"has-post-thumbnail","7":"category-opinion","8":"category-politica","9":"tag-alcaldias-y-protocolo","10":"tag-joan-leyba-mejia","11":"tag-prm","12":"tag-prm-alcaldias-y-protocolo"},"_links":{"self":[{"href":"https:\/\/elpueblo.com.do\/api-json\/wp\/v2\/posts\/821","targetHints":{"allow":["GET"]}}],"collection":[{"href":"https:\/\/elpueblo.com.do\/api-json\/wp\/v2\/posts"}],"about":[{"href":"https:\/\/elpueblo.com.do\/api-json\/wp\/v2\/types\/post"}],"author":[{"embeddable":true,"href":"https:\/\/elpueblo.com.do\/api-json\/wp\/v2\/users\/2"}],"replies":[{"embeddable":true,"href":"https:\/\/elpueblo.com.do\/api-json\/wp\/v2\/comments?post=821"}],"version-history":[{"count":0,"href":"https:\/\/elpueblo.com.do\/api-json\/wp\/v2\/posts\/821\/revisions"}],"wp:featuredmedia":[{"embeddable":true,"href":"https:\/\/elpueblo.com.do\/api-json\/wp\/v2\/media\/822"}],"wp:attachment":[{"href":"https:\/\/elpueblo.com.do\/api-json\/wp\/v2\/media?parent=821"}],"wp:term":[{"taxonomy":"category","embeddable":true,"href":"https:\/\/elpueblo.com.do\/api-json\/wp\/v2\/categories?post=821"},{"taxonomy":"post_tag","embeddable":true,"href":"https:\/\/elpueblo.com.do\/api-json\/wp\/v2\/tags?post=821"}],"curies":[{"name":"wp","href":"https:\/\/api.w.org\/{rel}","templated":true}]}}