{"id":793,"date":"2020-05-03T22:00:18","date_gmt":"2020-05-04T02:00:18","guid":{"rendered":"https:\/\/elpueblo.com.do\/?p=793"},"modified":"2020-05-03T22:00:24","modified_gmt":"2020-05-04T02:00:24","slug":"encuesta-indica-abinader-ganaria-con-52-3-gonzalo-obtendria-un-30-3-y-leonel-un-12-3","status":"publish","type":"post","link":"https:\/\/elpueblo.com.do\/actualidad\/politica\/encuesta-indica-abinader-ganaria-con-52-3-gonzalo-obtendria-un-30-3-y-leonel-un-12-3\/793\/","title":{"rendered":"Encuesta indica Abinader ganar\u00eda con 52.3%; Gonzalo obtendr\u00eda un 30.3% y Leonel un 12.3%"},"content":{"rendered":"\n<p><strong>Luis Abinader<\/strong>, candidato presidencial del Partido Revolucionario Moderno (PRM) y aliados, ganar\u00eda las elecciones presidenciales en primera vuelta con un<strong>&nbsp;52.3%<\/strong>, acorde a un estudio de preferencia pol\u00edtica dada a conocer este domingo por la encuestadora dominicana Mercado &amp; Cuantificaciones.<\/p>\n\n\n\n<p><img decoding=\"async\" width=\"150\" height=\"96\" class=\"wp-image-795 lazyload\" style=\"--smush-placeholder-width: 150px; --smush-placeholder-aspect-ratio: 150\/96;width: 150px;\" data-src=\"https:\/\/elpueblo.com.do\/sources\/smush-webp\/2020\/05\/encuesta_13809716_20200503173048.jpg.webp\" alt=\"\" data-srcset=\"https:\/\/elpueblo.com.do\/sources\/smush-webp\/2020\/05\/encuesta_13809716_20200503173048.jpg.webp 546w, https:\/\/elpueblo.com.do\/sources\/smush-webp\/2020\/05\/encuesta_13809716_20200503173048-300x192.jpg.webp 300w\" data-sizes=\"(max-width: 150px) 100vw, 150px\" src=\"data:image\/svg+xml;base64,PHN2ZyB3aWR0aD0iMSIgaGVpZ2h0PSIxIiB4bWxucz0iaHR0cDovL3d3dy53My5vcmcvMjAwMC9zdmciPjwvc3ZnPg==\" data-smush-webp-fallback=\"{&quot;data-src&quot;:&quot;https:\\\/\\\/elpueblo.com.do\\\/wp-content\\\/uploads\\\/2020\\\/05\\\/encuesta_13809716_20200503173048.jpg&quot;,&quot;data-srcset&quot;:&quot;https:\\\/\\\/elpueblo.com.do\\\/wp-content\\\/uploads\\\/2020\\\/05\\\/encuesta_13809716_20200503173048.jpg 546w, https:\\\/\\\/elpueblo.com.do\\\/wp-content\\\/uploads\\\/2020\\\/05\\\/encuesta_13809716_20200503173048-300x192.jpg 300w&quot;}\" \/>Seg\u00fan el sondeo,\u00a0<strong>Gonzalo Castillo<\/strong>, del Partido de la Liberaci\u00f3n Dominicana (PLD), obtendr\u00eda\u00a0<strong>30.3% y Leonel Fern\u00e1ndez del partido Fuerza del Pueblo<\/strong>, alcanzar\u00eda un\u00a0<strong>12.3%<\/strong><\/p>\n\n\n\n<p>Seg\u00fan un comunicado de prensa, en la variable de preferencias presidenciales para el pr\u00f3ximo 5 de julio y a la pregunta&nbsp;<strong>\u00bfPor qui\u00e9n usted votar\u00e1 para presidente en 2020?<\/strong>, un 52.1 dijo que por Abinader; el 30.3% por Castillo; un 12.3% por Fern\u00e1ndez, el 1.7% por&nbsp;<strong>Guillermo Moreno,<\/strong>&nbsp;del partido Alianza Pa\u00eds, y un 3.0% no sabe.<\/p>\n\n\n\n<p>A los encuestados se les pregunt\u00f3<strong>\u00a0\u00bfQui\u00e9n cree usted que ganar\u00e1 la Presidencia?<\/strong>, y el 52.3% dijo que Abinader; un 25.4% Castillo; 10.4% Fern\u00e1ndez; el 1.7% Moreno y un 3.0% no sabe.<\/p>\n\n\n\n<p>Sobre la seguridad del voto, se cuestion\u00f3<strong>&nbsp;\u00bfQu\u00e9 tan seguro est\u00e1 de votar por su candidato?&nbsp;<\/strong>En el caso de Abinader un 90.0% dijo estar muy seguro; el 5.6% poco seguro, un 3.1% nada seguro y el 1.3% no sabe. En la preferencia por Castillo, el 86.0% dijo estar muy seguro, un 3.3% poco seguro; el 7.9% nada seguro y el 2.8% no sabe.<\/p>\n\n\n\n<p>La encuesta fue aplicada del&nbsp;<strong>27 al 29 de abril<\/strong>&nbsp;con una muestra representativa de la poblaci\u00f3n votante a nivel nacional de&nbsp;<strong>1,400 personas de ambos sexos<\/strong>, mediante entrevistas telef\u00f3nicas en zona urbana de las regiones norte, sur, este y zona metropolitana de Santo Domingo, con un margen de error de 2.8% m\u00e1s o menos.<\/p>\n\n\n\n<p>A los entrevistados se les pregunt\u00f3, para medir el rechazo de las candidaturas,&nbsp;<strong>\u00bfPor qui\u00e9n usted nunca votar\u00eda para presidente?<\/strong>, y el 30.8% dijo que por Castillo; un 19.3% por Fern\u00e1ndez; el 12.3% por Abinader, un 4.7% por Moreno, un 20.4% no sabe y el 7.1% por ninguno.<\/p>\n\n\n\n<p>Para evaluar las vueltas electorales, a los entrevistados se les pregunt\u00f3:<strong>\u00a0\u00bfCree usted que en las elecciones presidenciales de julio habr\u00e1 una o dos vueltas electorales?<\/strong>\u00a0El 68.8% cree que una vuelta, mientras el 28.6% dos vueltas. Un 10.6% dijo que no sabe.<\/p>\n\n\n\n<p><\/p>\n","protected":false},"excerpt":{"rendered":"<p>Luis Abinader, candidato presidencial del Partido Revolucionario Moderno (PRM) y aliados, ganar\u00eda las elecciones presidenciales en primera vuelta con un&nbsp;52.3%, acorde a un estudio de preferencia pol\u00edtica dada a conocer este domingo por la encuestadora dominicana Mercado &amp; Cuantificaciones. Seg\u00fan el sondeo,\u00a0Gonzalo Castillo, del Partido de la Liberaci\u00f3n Dominicana (PLD), obtendr\u00eda\u00a030.3% y Leonel Fern\u00e1ndez del [&hellip;]<\/p>\n","protected":false},"author":2,"featured_media":794,"comment_status":"open","ping_status":"open","sticky":true,"template":"","format":"standard","meta":{"footnotes":""},"categories":[34],"tags":[85,86],"class_list":{"0":"post-793","1":"post","2":"type-post","3":"status-publish","4":"format-standard","5":"has-post-thumbnail","7":"category-politica","8":"tag-luis-52-3","9":"tag-luis-ganaria"},"_links":{"self":[{"href":"https:\/\/elpueblo.com.do\/api-json\/wp\/v2\/posts\/793","targetHints":{"allow":["GET"]}}],"collection":[{"href":"https:\/\/elpueblo.com.do\/api-json\/wp\/v2\/posts"}],"about":[{"href":"https:\/\/elpueblo.com.do\/api-json\/wp\/v2\/types\/post"}],"author":[{"embeddable":true,"href":"https:\/\/elpueblo.com.do\/api-json\/wp\/v2\/users\/2"}],"replies":[{"embeddable":true,"href":"https:\/\/elpueblo.com.do\/api-json\/wp\/v2\/comments?post=793"}],"version-history":[{"count":0,"href":"https:\/\/elpueblo.com.do\/api-json\/wp\/v2\/posts\/793\/revisions"}],"wp:featuredmedia":[{"embeddable":true,"href":"https:\/\/elpueblo.com.do\/api-json\/wp\/v2\/media\/794"}],"wp:attachment":[{"href":"https:\/\/elpueblo.com.do\/api-json\/wp\/v2\/media?parent=793"}],"wp:term":[{"taxonomy":"category","embeddable":true,"href":"https:\/\/elpueblo.com.do\/api-json\/wp\/v2\/categories?post=793"},{"taxonomy":"post_tag","embeddable":true,"href":"https:\/\/elpueblo.com.do\/api-json\/wp\/v2\/tags?post=793"}],"curies":[{"name":"wp","href":"https:\/\/api.w.org\/{rel}","templated":true}]}}