{"id":790,"date":"2020-05-03T21:28:00","date_gmt":"2020-05-04T01:28:00","guid":{"rendered":"https:\/\/elpueblo.com.do\/?p=790"},"modified":"2020-05-03T21:28:06","modified_gmt":"2020-05-04T01:28:06","slug":"luis-abinader-y-el-prm-firmaron-compromiso-con-alcaldes-para-actuar-con-eficiencia-y-transparencia","status":"publish","type":"post","link":"https:\/\/elpueblo.com.do\/actualidad\/politica\/luis-abinader-y-el-prm-firmaron-compromiso-con-alcaldes-para-actuar-con-eficiencia-y-transparencia\/790\/","title":{"rendered":"Luis Abinader y el PRM firmaron compromiso con alcaldes para actuar con eficiencia y transparencia"},"content":{"rendered":"\n<h5 class=\"wp-block-heading\">Cabildos ser\u00e1n dotados de m\u00e1s apoyo econ\u00f3mico para que inviertan mejor en servicios a ciudadanos, dice una nota enviada a PeriodismoySoceidad.net<\/h5>\n\n\n\n<p>Santo Domingo, Rep\u00fablica Dominicana. El candidato presidencial Luis Abinader y la direcci\u00f3n del Partido Revolucionario Moderno, PRM, se comprometen a que, ganadas las pr\u00f3ximas elecciones, el gobierno que presidir\u00e1 aumentar\u00e1n la asignaci\u00f3n que el estado otorga a los ayuntamientos \u201cno para que gasten m\u00e1s sino para que inviertan m\u00e1s y mejor en los servicios que prestan a los ciudadanos\u201d.<\/p>\n\n\n\n<p>\u201cLa gesti\u00f3n que inauguraremos el 16 de agosto dara inicio a cambios y transformaciones extraordinarios a favor de los ciudadanos, pues la relaci\u00f3n Gobierno-Ayuntamientos-Comunidades dejar\u00e1 inaugurado un nuevo concepto de municipalidad en importantes beneficios para la gente\u201d, expresaron en un documento enviado a PeriodismoySocieada.net.<\/p>\n\n\n\n<p>Dicen que en ese nuevo concepto de municipalidad no tendr\u00e1n lugar desastres de contaminaci\u00f3n y de salud, agravados por el Coronavirus, como los ocasionados por el vertedero Duquesa, que son producto de incoordinaci\u00f3n, deficiencia e irresponsabilidad con que han actuado el ayuntamiento y el Poder Ejecutivo en el caso.<\/p>\n\n\n\n<p>Abinader hizo sus pronunciamientos al dejar abierta una teleconferencia en la que los alcaldes de los principales municipios del pa\u00eds, que gan\u00f3 el PRM en las pasadas elecciones municipales, suscribieron un C\u00f3digo \u00c9tico en el que se auto comprometen a ejercer sus funciones con eficiencia, transparencia y rendici\u00f3n de cuentas.<\/p>\n\n\n\n<p>Intervino en la teleconferencia desde Barahona, donde se encontraba en el segundo de dos d\u00edas del programa Ruta Solidaria en 5 provincias del Sur. Roberto Fulcar, primer vicepresidente del PRM y coordinador general de su campa\u00f1a, suscribi\u00f3 el C\u00f3digo a nombre del candidato. Participaron presencialmente tambi\u00e9n Miguel Ceara Hatton, secretario T\u00e9cnico y de Pol\u00edticas P\u00fablicas, Fernando Dur\u00e1n y otros dirigentes.<\/p>\n\n\n\n<p>El discurso de cierre estuvo a cargo del presidente del PRM, senador Jos\u00e9 Ignacio Paliza, quien dijo que con la firma del C\u00f3digo \u00c9tico el PRM procura imprimirle a la funci\u00f3n p\u00fablica el sentido de integridad con que debe ser ejercida la pol\u00edtica.<\/p>\n\n\n\n<p>Tambi\u00e9n hizo una exhortaci\u00f3n a las nuevas generaciones a que compartan con el PM sus compromisos y esfuerzos por adecentar el ejercicio de la actividad pol\u00edtica, lamentablemente degradado en gran medida en la actualidad.<\/p>\n\n\n\n<p>El acto fue coordinado por el diputado V\u00edctor D Aza, que dirige la Comisi\u00f3n Nacional de Coordinaci\u00f3n y Seguimiento del Plan de Emergencia Municipal COVID 19, que desarrollan los ayuntamientos y direcciones de juntas de Distrito del PRM, que firmar\u00e1n escalonadamente el C\u00f3digo \u00c9tico. Las palabras de bienvenida fueron ofrecidas por Elizabeth Mateo, directora de Comunicaciones del partido.<\/p>\n\n\n\n<p>El c\u00f3digo tiene como objetivo general impulsar una cultura de servicio basada en valores de honestidad y transparencia en el ejercicio de la administraci\u00f3n de los alcaldes y directores de distrito, y que defender\u00e1n los regidores y vocales all\u00ed donde las alcald\u00edas son dirigidas por otros partidos.<\/p>\n\n\n\n<p>Principios y valores de la municipalidad<\/p>\n\n\n\n<p>La actividad pol\u00edtica mediante la cual se procura acceder al poder, nacional o local, debe ser entendida como una expresi\u00f3n de responsabilidad ciudadana puesta al servicio del inter\u00e9s general y el bien com\u00fan, por ello, cuando se trata de la administraci\u00f3n de recursos p\u00fablicos, es necesario tener siempre presente la obligatoriedad de rendir cuentas y la disposici\u00f3n de escuchar a los ciudadanos, ese es el car\u00e1cter participativo en una democracia.<\/p>\n\n\n\n<p>En ese sentido los alcaldes firmantes, pertnecientes a la organizaci\u00f3n pol\u00edtica, se comprometen a Velar por no causar males a otros y respetar la dignidad de las personas, procurando en todo momento el bien com\u00fan.<\/p>\n\n\n\n<p>Respetar la autonom\u00eda y derechos de las personas y de las organizaciones de la sociedad, as\u00ed como practicar la implementaci\u00f3n de las pol\u00edticas p\u00fablicas del gobierno local, evitando toda forma de discriminaci\u00f3n social, racial, de preferencia sexual y religiosa.<\/p>\n\n\n\n<p>El compromiso conlleva dar a cada cual lo que le corresponde o pertenece y buscar en todo momento la defensa del bien com\u00fan, tratar con atenci\u00f3n y consideraci\u00f3n a todas las personas e instituciones, sin prejuicios ni discriminaciones, con la dignidad que corresponde.<\/p>\n\n\n\n<p>Tener disposici\u00f3n de ofrecer un servicio eficiente a los ciudadanos, entendiendo que la gesti\u00f3n de lo p\u00fablico procura servir con eficiencia y eficacia y asumiendo las consecuencias legales y morales de sus acciones y omisiones, estando dispuesto a dar cuentas de ellas y a poner los medios razonablemente posibles para su cumplimiento y reconocimiento de errores cometidos involuntariamente.<\/p>\n\n\n\n<p>Honradez significa actuar de manera correcta, con apego a la verdad, sin obtener ventajas por el trabajo que se realiza y utilizar las prerrogativas de su cargo \u00fanicamente para el desempe\u00f1o de sus funciones.<\/p>\n\n\n\n<p>La adhesi\u00f3n a las ideas del Candidato y el partido al que se pertenece, no se constituyan en impedimentos para actuar con objetividad, de acuerdo con criterios \u00e9ticos.<\/p>\n\n\n\n<p>Ejercer el oficio de la pol\u00edtica con dedicaci\u00f3n, capacidad, eficiencia y rapidez, teniendo en cuenta su formaci\u00f3n intelectual y el desarrollo de su capacidad.<\/p>\n\n\n\n<p>Transparencia: Facilitar el acceso de los ciudadanos a las informaciones que sean de inter\u00e9s para la defensa de sus derechos y libertades, incluyendo la informaci\u00f3n de la propia actividad de la autoridad, de acuerdo con lo que indican las leyes y reglamentos.<\/p>\n\n\n\n<p>Respetar y promover de las instituciones garantes del Estado de derecho.<\/p>\n\n\n\n<p>En la rueda de prensa, originada en la parte presencial desde el comando de campa\u00f1a de Abinader, intervinieron virtualmente comunicadores de diferentes medios haciendo preguntas y expresando inquietudes respondidas por Paliza.<\/p>\n","protected":false},"excerpt":{"rendered":"<p>Cabildos ser\u00e1n dotados de m\u00e1s apoyo econ\u00f3mico para que inviertan mejor en servicios a ciudadanos, dice una nota enviada a PeriodismoySoceidad.net Santo Domingo, Rep\u00fablica Dominicana. El candidato presidencial Luis Abinader y la direcci\u00f3n del Partido Revolucionario Moderno, PRM, se comprometen a que, ganadas las pr\u00f3ximas elecciones, el gobierno que presidir\u00e1 aumentar\u00e1n la asignaci\u00f3n que el [&hellip;]<\/p>\n","protected":false},"author":2,"featured_media":791,"comment_status":"open","ping_status":"open","sticky":true,"template":"","format":"standard","meta":{"footnotes":""},"categories":[34],"tags":[84],"class_list":{"0":"post-790","1":"post","2":"type-post","3":"status-publish","4":"format-standard","5":"has-post-thumbnail","7":"category-politica","8":"tag-luis-abinader-firman-compromiso-con-alcardes"},"_links":{"self":[{"href":"https:\/\/elpueblo.com.do\/api-json\/wp\/v2\/posts\/790","targetHints":{"allow":["GET"]}}],"collection":[{"href":"https:\/\/elpueblo.com.do\/api-json\/wp\/v2\/posts"}],"about":[{"href":"https:\/\/elpueblo.com.do\/api-json\/wp\/v2\/types\/post"}],"author":[{"embeddable":true,"href":"https:\/\/elpueblo.com.do\/api-json\/wp\/v2\/users\/2"}],"replies":[{"embeddable":true,"href":"https:\/\/elpueblo.com.do\/api-json\/wp\/v2\/comments?post=790"}],"version-history":[{"count":0,"href":"https:\/\/elpueblo.com.do\/api-json\/wp\/v2\/posts\/790\/revisions"}],"wp:featuredmedia":[{"embeddable":true,"href":"https:\/\/elpueblo.com.do\/api-json\/wp\/v2\/media\/791"}],"wp:attachment":[{"href":"https:\/\/elpueblo.com.do\/api-json\/wp\/v2\/media?parent=790"}],"wp:term":[{"taxonomy":"category","embeddable":true,"href":"https:\/\/elpueblo.com.do\/api-json\/wp\/v2\/categories?post=790"},{"taxonomy":"post_tag","embeddable":true,"href":"https:\/\/elpueblo.com.do\/api-json\/wp\/v2\/tags?post=790"}],"curies":[{"name":"wp","href":"https:\/\/api.w.org\/{rel}","templated":true}]}}