{"id":786,"date":"2020-05-03T21:15:35","date_gmt":"2020-05-04T01:15:35","guid":{"rendered":"https:\/\/elpueblo.com.do\/?p=786"},"modified":"2020-05-03T21:15:43","modified_gmt":"2020-05-04T01:15:43","slug":"candidato-a-senador-del-prm-ivan-silva-asume-pago-de-semestre-de-estudiantes-universitarios-de-la-romana","status":"publish","type":"post","link":"https:\/\/elpueblo.com.do\/actualidad\/candidato-a-senador-del-prm-ivan-silva-asume-pago-de-semestre-de-estudiantes-universitarios-de-la-romana\/786\/","title":{"rendered":"Candidato a senador del PRM Iv\u00e1n Silva Asume Pago de Semestre de Estudiantes universitarios de La Romana"},"content":{"rendered":"\n<p><strong>LA ROMANA. \u2013<\/strong>&nbsp;El candidato a senador del Partido Revolucionario Moderno (PRM) por esta provincia, Dr. Iv\u00e1n Silva, respondi\u00f3 al llamado de cientos de estudiantes universitarios que no pod\u00edan cubrir el pago de sus estudios y \u00e9ste decidi\u00f3 asumirlo en favor de que los educandos contin\u00faen sus estudios.<\/p>\n\n\n\n<p>El Dr. Silva, quien por dem\u00e1s se ha destacado por ayudar con jornadas m\u00e9dicas a los romanences, asumi\u00f3 el pago de 150 j\u00f3venes de escasos recursos, los cuales estudian en las universidades Pedro Henrr\u00edquez y Carvajal (UFHEC), O &amp; M, Universidad Central del Este (UCE) y Universidad Aut\u00f3noma De Santo Domingo (UASD).<\/p>\n\n\n\n<p>\u201cNuestro objetivo es que los j\u00f3venes sigan estudiando porque esa es la mejor v\u00eda para tener una mejor provincia, un mejor pa\u00eds, un mejor mundo. La juventud preparada es la garant\u00eda de una sociedad m\u00e1s y mejor educada\u00bb, manifest\u00f3 Silva.<\/p>\n\n\n\n<p>El tambi\u00e9n vicepresidente del PRM en La Romana tom\u00f3 la decisi\u00f3n de apoyar a estudiantes por la actual crisis del Covid -19 que atraviesa el mundo y que ha paralizado los modelos econ\u00f3micos tradicionales, llevando a millones de familias a quedarse sin ingresos o reducidos a lo m\u00ednimo.<\/p>\n\n\n\n<p>El especialista de la salud se ha comprometido en dar ayuda a j\u00f3venes de su pueblo natal, para que contin\u00faen estudiando y puedan finalizar sus respectivas carreras, sobre todo los que cursan medicina porque son los m\u00e1s necesitados en la pandemia mundial.<\/p>\n\n\n\n<p>\u00abEsto que hacemos por nuestros j\u00f3venes en La Romana tambi\u00e9n queremos extenderlos a todo el pa\u00eds, por eso cuando llegue al Senado en agosto pr\u00f3ximo iniciaremos los procesos para que esto se haga realidad\u00bb, concluy\u00f3.<\/p>\n","protected":false},"excerpt":{"rendered":"<p>LA ROMANA. \u2013&nbsp;El candidato a senador del Partido Revolucionario Moderno (PRM) por esta provincia, Dr. Iv\u00e1n Silva, respondi\u00f3 al llamado de cientos de estudiantes universitarios que no pod\u00edan cubrir el pago de sus estudios y \u00e9ste decidi\u00f3 asumirlo en favor de que los educandos contin\u00faen sus estudios. El Dr. Silva, quien por dem\u00e1s se ha [&hellip;]<\/p>\n","protected":false},"author":2,"featured_media":787,"comment_status":"open","ping_status":"open","sticky":true,"template":"","format":"standard","meta":{"footnotes":""},"categories":[32,34],"tags":[82,81,83],"class_list":{"0":"post-786","1":"post","2":"type-post","3":"status-publish","4":"format-standard","5":"has-post-thumbnail","7":"category-actualidad","8":"category-politica","9":"tag-candidato-ivan-silva","10":"tag-candidato-por-el-prm-a-senador-ivan-silva","11":"tag-senador-ivan-silva"},"_links":{"self":[{"href":"https:\/\/elpueblo.com.do\/api-json\/wp\/v2\/posts\/786","targetHints":{"allow":["GET"]}}],"collection":[{"href":"https:\/\/elpueblo.com.do\/api-json\/wp\/v2\/posts"}],"about":[{"href":"https:\/\/elpueblo.com.do\/api-json\/wp\/v2\/types\/post"}],"author":[{"embeddable":true,"href":"https:\/\/elpueblo.com.do\/api-json\/wp\/v2\/users\/2"}],"replies":[{"embeddable":true,"href":"https:\/\/elpueblo.com.do\/api-json\/wp\/v2\/comments?post=786"}],"version-history":[{"count":0,"href":"https:\/\/elpueblo.com.do\/api-json\/wp\/v2\/posts\/786\/revisions"}],"wp:featuredmedia":[{"embeddable":true,"href":"https:\/\/elpueblo.com.do\/api-json\/wp\/v2\/media\/787"}],"wp:attachment":[{"href":"https:\/\/elpueblo.com.do\/api-json\/wp\/v2\/media?parent=786"}],"wp:term":[{"taxonomy":"category","embeddable":true,"href":"https:\/\/elpueblo.com.do\/api-json\/wp\/v2\/categories?post=786"},{"taxonomy":"post_tag","embeddable":true,"href":"https:\/\/elpueblo.com.do\/api-json\/wp\/v2\/tags?post=786"}],"curies":[{"name":"wp","href":"https:\/\/api.w.org\/{rel}","templated":true}]}}