{"id":764,"date":"2020-05-02T10:23:54","date_gmt":"2020-05-02T14:23:54","guid":{"rendered":"https:\/\/elpueblo.com.do\/?p=764"},"modified":"2020-05-02T10:24:02","modified_gmt":"2020-05-02T14:24:02","slug":"luis-abinader-plantea-la-revision-la-ley-87-01-del-sistema-nacional-de-la-seguridad-social","status":"publish","type":"post","link":"https:\/\/elpueblo.com.do\/actualidad\/luis-abinader-plantea-la-revision-la-ley-87-01-del-sistema-nacional-de-la-seguridad-social\/764\/","title":{"rendered":"Luis Abinader Plantea la Revisi\u00f3n la Ley 87-01 del Sistema Nacional de la Seguridad Social"},"content":{"rendered":"\n<h5 class=\"wp-block-heading\">Reitera compromiso de dignificar salario en el sector p\u00fablico y de mejorar sustancialmente las condiciones de vida de los actores m\u00e1s importantes en el proceso productivo nacional.<\/h5>\n\n\n\n<p>Santo Domingo, RD. El candidato presidencial del Partido Revolucionario Moderno, Luis Abinader salud\u00f3 a los trabadores dominicanos y a sus organizaciones representativas en el D\u00eda Internacional del Trabajo y reafirm\u00f3 el compromiso de mejorar sustancialmente las condiciones de vida de los actores m\u00e1s importantes en el proceso productivo nacional.Tras reconocer la cr\u00edtica situaci\u00f3n de los trabajadores y de los que todav\u00eda no tienen acceso al mercado de trabajo, Abinader dijo que tan pronto sea superado el impacto sanitario y econ\u00f3mico de la actual pandemia, el gobierno del cambio impulsar\u00e1 una agresiva pol\u00edtica para elevar la capacidad productiva y afianzar la justicia social en el \u00e1mbito laboral del pa\u00eds.Se declar\u00f3 convencido de que un nuevo gobierno basado en los principios de buena administraci\u00f3n y en el control del dispendio y la corrupci\u00f3n, estar\u00e1 en mejores condiciones para relanzar la econom\u00eda, atraer nuevas inversiones, fortalecer la demanda de trabajo&nbsp; y reducir los niveles de informalidad que afectan a la mayor\u00eda de los trabajadores dominicanos.Manifest\u00f3 el l\u00edder opositor que su gesti\u00f3n priorizara la recuperaci\u00f3n de los sectores productivos para que acompa\u00f1en al Gobierno en la meta de crear entre 500 y 600&nbsp; mil nuevos empleos, estableciendo&nbsp; las bases para dignificar el salario de los trabajadores p\u00fablicos y privados&nbsp; y promover nuevas para los j\u00f3venes y las mujeres.Tal como est\u00e1 consignado en nuestro programa de gobierno, nos proponemos reducir&nbsp; sustancialmente la tasa de desempleo, revertir la informalidad en el mercado de trabajo y priorizar&nbsp; a los sectores productivos que generen empleos, divisas y est\u00e9n distribuidos en todo el territorio nacional.Dijo que entre&nbsp; las iniciativas previstas y atendiendo a la sostenibilidad de la econom\u00eda, se dispondr\u00e1 de un aumento general de salario para los empleados p\u00fablicos, en una escala establecida en funci\u00f3n de los cargos y categor\u00edas de los puestos, asegurando&nbsp; en el caso&nbsp; de&nbsp; los militares y polic\u00edas un sueldo m\u00ednimo nacional que no ser\u00e1&nbsp; &nbsp;inferior al equivalente de&nbsp; los 500 d\u00f3lares.Igualmente contempla&nbsp; la revisi\u00f3n de todas las pensiones en el sector p\u00fablico&nbsp; para adecuarlas al costo de la vida y a la necesidad de protecci\u00f3n del Estado que tienen las personas envejecientes y con alg\u00fan grado de incapacidad que motive su pensi\u00f3n o jubilaci\u00f3n.\u201cAlgunos cr\u00edticos podr\u00edan considerar estas aspiraciones&nbsp; como un prop\u00f3sito fantasioso o demag\u00f3gico, pero si nos detenemos a revisar la actual estructura salarial del Gobierno, donde hay funcionarios que ganan m\u00e1s de un mill\u00f3n de pesos y humildes empleados que ni siquiera alcanzan el salario m\u00ednimo, sabemos que es perfectamente posible mejorar las condiciones de vida de&nbsp; los empleados p\u00fablicos y los trabajadores dominicanos\u201d, apunt\u00f3 Abinader.Entre las medidas orientadas a mejorar las condiciones de vida del trabajador dominicano, Abinader plantea la revisi\u00f3n la Ley 87-01 del Sistema Nacional de la Seguridad Social,&nbsp; &nbsp;adecu\u00e1ndola&nbsp; a la realidad&nbsp; actual, para que se fortalezcan las prestaciones de servicios, aumento de cobertura en las enfermedades catastr\u00f3ficas, aumento de la cobertura de medicamentos ambulatorios, mejora de las prestaciones de pensiones y jubilaciones y ampliaci\u00f3n de la cobertura de la poblaci\u00f3n asegurada.<\/p>\n","protected":false},"excerpt":{"rendered":"<p>Reitera compromiso de dignificar salario en el sector p\u00fablico y de mejorar sustancialmente las condiciones de vida de los actores m\u00e1s importantes en el proceso productivo nacional. Santo Domingo, RD. El candidato presidencial del Partido Revolucionario Moderno, Luis Abinader salud\u00f3 a los trabadores dominicanos y a sus organizaciones representativas en el D\u00eda Internacional del Trabajo [&hellip;]<\/p>\n","protected":false},"author":2,"featured_media":765,"comment_status":"open","ping_status":"open","sticky":true,"template":"","format":"standard","meta":{"footnotes":""},"categories":[32,34,37],"tags":[78],"class_list":{"0":"post-764","1":"post","2":"type-post","3":"status-publish","4":"format-standard","5":"has-post-thumbnail","7":"category-actualidad","8":"category-politica","9":"category-salud","10":"tag-luis-abinader-plantea-la-revision-la-ley-87-01"},"_links":{"self":[{"href":"https:\/\/elpueblo.com.do\/api-json\/wp\/v2\/posts\/764","targetHints":{"allow":["GET"]}}],"collection":[{"href":"https:\/\/elpueblo.com.do\/api-json\/wp\/v2\/posts"}],"about":[{"href":"https:\/\/elpueblo.com.do\/api-json\/wp\/v2\/types\/post"}],"author":[{"embeddable":true,"href":"https:\/\/elpueblo.com.do\/api-json\/wp\/v2\/users\/2"}],"replies":[{"embeddable":true,"href":"https:\/\/elpueblo.com.do\/api-json\/wp\/v2\/comments?post=764"}],"version-history":[{"count":0,"href":"https:\/\/elpueblo.com.do\/api-json\/wp\/v2\/posts\/764\/revisions"}],"wp:featuredmedia":[{"embeddable":true,"href":"https:\/\/elpueblo.com.do\/api-json\/wp\/v2\/media\/765"}],"wp:attachment":[{"href":"https:\/\/elpueblo.com.do\/api-json\/wp\/v2\/media?parent=764"}],"wp:term":[{"taxonomy":"category","embeddable":true,"href":"https:\/\/elpueblo.com.do\/api-json\/wp\/v2\/categories?post=764"},{"taxonomy":"post_tag","embeddable":true,"href":"https:\/\/elpueblo.com.do\/api-json\/wp\/v2\/tags?post=764"}],"curies":[{"name":"wp","href":"https:\/\/api.w.org\/{rel}","templated":true}]}}