{"id":750,"date":"2020-05-02T09:21:12","date_gmt":"2020-05-02T13:21:12","guid":{"rendered":"https:\/\/elpueblo.com.do\/?p=750"},"modified":"2020-05-02T09:21:18","modified_gmt":"2020-05-02T13:21:18","slug":"en-el-dia-del-trabajo-gabriel-del-rio-habla-sobre-la-situacion-actual-de-los-trabajadores-en-rd","status":"publish","type":"post","link":"https:\/\/elpueblo.com.do\/actualidad\/politica\/en-el-dia-del-trabajo-gabriel-del-rio-habla-sobre-la-situacion-actual-de-los-trabajadores-en-rd\/750\/","title":{"rendered":"En el d\u00eda del trabajo Gabriel del R\u00edo habla sobre la Situaci\u00f3n actual de los trabajadores en RD"},"content":{"rendered":"\n<h3 class=\"wp-block-heading\">Entrevista a&nbsp;<em>Gabriel del Rio<\/em>&nbsp;Presidente de la Confederacion Autonoma Sindical Clasista (CASC) en<strong><em>&nbsp;el d\u00eda del trabajo<\/em><\/strong><\/h3>\n\n\n\n<h4 class=\"wp-block-heading\"><em>En programa El D\u00eda con Huchi Lora y Javier Cabrera<\/em><\/h4>\n","protected":false},"excerpt":{"rendered":"<p>Entrevista a&nbsp;Gabriel del Rio&nbsp;Presidente de la Confederacion Autonoma Sindical Clasista (CASC) en&nbsp;el d\u00eda del trabajo En programa El D\u00eda con Huchi Lora y Javier Cabrera<\/p>\n","protected":false},"author":2,"featured_media":751,"comment_status":"open","ping_status":"open","sticky":true,"template":"","format":"standard","meta":{"footnotes":""},"categories":[41,34],"tags":[],"class_list":{"0":"post-750","1":"post","2":"type-post","3":"status-publish","4":"format-standard","5":"has-post-thumbnail","7":"category-economia","8":"category-politica"},"_links":{"self":[{"href":"https:\/\/elpueblo.com.do\/api-json\/wp\/v2\/posts\/750","targetHints":{"allow":["GET"]}}],"collection":[{"href":"https:\/\/elpueblo.com.do\/api-json\/wp\/v2\/posts"}],"about":[{"href":"https:\/\/elpueblo.com.do\/api-json\/wp\/v2\/types\/post"}],"author":[{"embeddable":true,"href":"https:\/\/elpueblo.com.do\/api-json\/wp\/v2\/users\/2"}],"replies":[{"embeddable":true,"href":"https:\/\/elpueblo.com.do\/api-json\/wp\/v2\/comments?post=750"}],"version-history":[{"count":0,"href":"https:\/\/elpueblo.com.do\/api-json\/wp\/v2\/posts\/750\/revisions"}],"wp:featuredmedia":[{"embeddable":true,"href":"https:\/\/elpueblo.com.do\/api-json\/wp\/v2\/media\/751"}],"wp:attachment":[{"href":"https:\/\/elpueblo.com.do\/api-json\/wp\/v2\/media?parent=750"}],"wp:term":[{"taxonomy":"category","embeddable":true,"href":"https:\/\/elpueblo.com.do\/api-json\/wp\/v2\/categories?post=750"},{"taxonomy":"post_tag","embeddable":true,"href":"https:\/\/elpueblo.com.do\/api-json\/wp\/v2\/tags?post=750"}],"curies":[{"name":"wp","href":"https:\/\/api.w.org\/{rel}","templated":true}]}}