{"id":665,"date":"2020-05-01T18:15:09","date_gmt":"2020-05-01T22:15:09","guid":{"rendered":"https:\/\/elpueblo.com.do\/?p=665"},"modified":"2020-05-01T18:15:15","modified_gmt":"2020-05-01T22:15:15","slug":"senado-rd-envia-a-comision-proyecto-para-acceder-al-20-de-fondos-afp","status":"publish","type":"post","link":"https:\/\/elpueblo.com.do\/actualidad\/politica\/senado-rd-envia-a-comision-proyecto-para-acceder-al-20-de-fondos-afp\/665\/","title":{"rendered":"Senado RD env\u00eda a comisi\u00f3n proyecto para acceder al 20% de fondos AFP"},"content":{"rendered":"\n<p>El Senado rechaz\u00f3 enviar a la comisi\u00f3n bicameral del Congreso Nacional la iniciativa del senador Dionis S\u00e1nchez y Amarilis Santana que busca que los trabajadores tengan acceso al 20% de los fondos ahorrados en las AFP, ante el estado de excepci\u00f3n.<\/p>\n\n\n\n<p>El presidente en funciones del Senado, Aristides Victoria, dijo que debe conocerse en la comisi\u00f3n interna de seguridad social del Senado y as\u00ed se dispuso.<\/p>\n\n\n\n<p>Dionis S\u00e1nchez plante\u00f3 que esa iniciativa se conozca en la comisi\u00f3n bicameral, y que est\u00e1 dentro de la ley y se establece que los recursos se entreguen de manera mensual o en un solo monto.<\/p>\n\n\n\n<p>Lament\u00f3 que se est\u00e9n muriendo trabajadores sin poder tener acceso a esos fondos y sus herederos.<\/p>\n\n\n\n<p>La solicitud de que sea conocida en la comisi\u00f3n bicameral fue rechazada porque solo cont\u00f3 con 7 votos.<\/p>\n\n\n\n<p>S\u00e1nchez tambi\u00e9n pidi\u00f3 que tomen en cuenta a las personas que tienen las penas cumplidas en las c\u00e1rceles como La Victoria.<\/p>\n\n\n\n<p>En la sesi\u00f3n se conoce la solicitud de pr\u00f3rroga por 25 d\u00edas m\u00e1s del estado de excepcion.<\/p>\n","protected":false},"excerpt":{"rendered":"<p>El Senado rechaz\u00f3 enviar a la comisi\u00f3n bicameral del Congreso Nacional la iniciativa del senador Dionis S\u00e1nchez y Amarilis Santana que busca que los trabajadores tengan acceso al 20% de los fondos ahorrados en las AFP, ante el estado de excepci\u00f3n. El presidente en funciones del Senado, Aristides Victoria, dijo que debe conocerse en la [&hellip;]<\/p>\n","protected":false},"author":2,"featured_media":666,"comment_status":"open","ping_status":"open","sticky":false,"template":"","format":"standard","meta":{"footnotes":""},"categories":[34],"tags":[62,61,64],"class_list":{"0":"post-665","1":"post","2":"type-post","3":"status-publish","4":"format-standard","5":"has-post-thumbnail","7":"category-politica","8":"tag-20-afp","9":"tag-afp","10":"tag-fondos-de-pensiones"},"_links":{"self":[{"href":"https:\/\/elpueblo.com.do\/api-json\/wp\/v2\/posts\/665","targetHints":{"allow":["GET"]}}],"collection":[{"href":"https:\/\/elpueblo.com.do\/api-json\/wp\/v2\/posts"}],"about":[{"href":"https:\/\/elpueblo.com.do\/api-json\/wp\/v2\/types\/post"}],"author":[{"embeddable":true,"href":"https:\/\/elpueblo.com.do\/api-json\/wp\/v2\/users\/2"}],"replies":[{"embeddable":true,"href":"https:\/\/elpueblo.com.do\/api-json\/wp\/v2\/comments?post=665"}],"version-history":[{"count":0,"href":"https:\/\/elpueblo.com.do\/api-json\/wp\/v2\/posts\/665\/revisions"}],"wp:featuredmedia":[{"embeddable":true,"href":"https:\/\/elpueblo.com.do\/api-json\/wp\/v2\/media\/666"}],"wp:attachment":[{"href":"https:\/\/elpueblo.com.do\/api-json\/wp\/v2\/media?parent=665"}],"wp:term":[{"taxonomy":"category","embeddable":true,"href":"https:\/\/elpueblo.com.do\/api-json\/wp\/v2\/categories?post=665"},{"taxonomy":"post_tag","embeddable":true,"href":"https:\/\/elpueblo.com.do\/api-json\/wp\/v2\/tags?post=665"}],"curies":[{"name":"wp","href":"https:\/\/api.w.org\/{rel}","templated":true}]}}