{"id":659,"date":"2020-04-30T18:59:08","date_gmt":"2020-04-30T22:59:08","guid":{"rendered":"https:\/\/elpueblo.com.do\/?p=659"},"modified":"2020-04-30T21:45:31","modified_gmt":"2020-05-01T01:45:31","slug":"ministerio-de-adoracion-amayah-lanza-su-primer-sencillo-postrados","status":"publish","type":"post","link":"https:\/\/elpueblo.com.do\/actualidad\/ministerio-de-adoracion-amayah-lanza-su-primer-sencillo-postrados\/659\/","title":{"rendered":"Ministerio de Adoraci\u00f3n Amay\u00e1h  Lanza su Primer Sencillo \u201cPOSTRADOS\u201d"},"content":{"rendered":"\n<p>Santo Domingo RD.<\/p>\n\n\n\n<p>A inicio del a\u00f1o 2018 nace el <strong>Ministerio de adoraci\u00f3n Amay\u00e1h<\/strong> cuyo nombre en hebreo significa<strong> CERCA DE DIOS<\/strong>.<strong> Los j\u00f3venes compositores y m\u00fasicos; Ana Carolina Berroa Villegas y Johan Berroa Villegas (ambos vocalistas principal ) y Emmanuel De Olmo Rodriguez (pianista director de banda)<\/strong> aceptan el llamado y compromiso de parte de Dios de llevar su adoraci\u00f3n a todo lugar a trav\u00e9s de la m\u00fasica y predicar el evangelio en todo el mundo.<\/p>\n\n\n\n<p>Este ministerio nace del coraz\u00f3n de Dios a nuestro corazones y el va poniendo e inspir\u00e1ndonos con cada unas de las letras de nuestras canciones, Siempre confiado y seguro del respaldo de Nuestro gran Se\u00f1or y podemos decir Como el Salmista : \u201cEl hacer tu voluntad Dios m\u00edo me ha agradado\u201d.<\/p>\n\n\n\n<p>El a\u00f1o 2018 y 2019 para nosotros fueron momentos de oraci\u00f3n, planificaci\u00f3n, escribiendo canciones, ministrando en actividades y ya a finales del 2019 grabando nuestro primer sencillo POSTRADOS. A\u00f1o 2020 1ro de Mayo Dios nos permite iniciar a lanzar las canciones que ha puesto en nuestros corazones y seguir cumpliendo con la encomienda en Cristo Jes\u00fas.<\/p>\n\n\n\n<p>En nuestro primer sencillo <strong>\u201cPOSTRADOS\u201d<\/strong> estamos expresando la sed continua que tenemos de la presencia de Dios y el deseo de estar m\u00e1s cerca de \u00e9l cada d\u00eda m\u00e1s. Tambi\u00e9n tenemos el anhelo de que muchas vidas sean bendecidas y fortalecidas a trav\u00e9s de esta canci\u00f3n, as\u00ed tambi\u00e9n deseando que muchas personas se conviertan a Cristo en medio de las adoraciones y pr\u00e9dicas que Dios pone en nuestros corazones.<\/p>\n\n\n\n<p><strong>Lanzamiento oficial 1ro de Mayo 2020 en nuestro canal de YouTube Ministerio Amay\u00e1h oficial y en la emisora Radio Ven 1200AM programa Bendecido y pico con Kelvin Araujo en horario 5:30pm (APP DISPONIBLE RADIO VEN). S\u00edguenos en Instagram y Facebook como @MinisterioAmayahOficial<\/strong><\/p>\n\n\n\n<p>Contactos con whatsapp y mail:<\/p>\n\n\n\n<p>829-619-8174\/809-618-4947\/829-707-3263<\/p>\n\n\n\n<p>ministerioamayahoficial@gmail.com<\/p>\n","protected":false},"excerpt":{"rendered":"<p>Ministerio de Adoraci\u00f3n Amayah  Lanza su Primer Sencillo \u201cPOSTRADOS\u201d Por los Principales medios de Comunicaci\u00f3n.<\/p>\n","protected":false},"author":2,"featured_media":660,"comment_status":"open","ping_status":"open","sticky":false,"template":"","format":"standard","meta":{"footnotes":""},"categories":[32,38,39],"tags":[59,60,58],"class_list":{"0":"post-659","1":"post","2":"type-post","3":"status-publish","4":"format-standard","5":"has-post-thumbnail","7":"category-actualidad","8":"category-religion","9":"category-sociales","10":"tag-adoracion-amayah","11":"tag-ministerio-amayah","12":"tag-ministerio-de-adoracion-amayah"},"_links":{"self":[{"href":"https:\/\/elpueblo.com.do\/api-json\/wp\/v2\/posts\/659","targetHints":{"allow":["GET"]}}],"collection":[{"href":"https:\/\/elpueblo.com.do\/api-json\/wp\/v2\/posts"}],"about":[{"href":"https:\/\/elpueblo.com.do\/api-json\/wp\/v2\/types\/post"}],"author":[{"embeddable":true,"href":"https:\/\/elpueblo.com.do\/api-json\/wp\/v2\/users\/2"}],"replies":[{"embeddable":true,"href":"https:\/\/elpueblo.com.do\/api-json\/wp\/v2\/comments?post=659"}],"version-history":[{"count":0,"href":"https:\/\/elpueblo.com.do\/api-json\/wp\/v2\/posts\/659\/revisions"}],"wp:featuredmedia":[{"embeddable":true,"href":"https:\/\/elpueblo.com.do\/api-json\/wp\/v2\/media\/660"}],"wp:attachment":[{"href":"https:\/\/elpueblo.com.do\/api-json\/wp\/v2\/media?parent=659"}],"wp:term":[{"taxonomy":"category","embeddable":true,"href":"https:\/\/elpueblo.com.do\/api-json\/wp\/v2\/categories?post=659"},{"taxonomy":"post_tag","embeddable":true,"href":"https:\/\/elpueblo.com.do\/api-json\/wp\/v2\/tags?post=659"}],"curies":[{"name":"wp","href":"https:\/\/api.w.org\/{rel}","templated":true}]}}