{"id":636,"date":"2020-04-30T15:33:13","date_gmt":"2020-04-30T19:33:13","guid":{"rendered":"https:\/\/elpueblo.com.do\/?p=636"},"modified":"2020-04-30T15:33:21","modified_gmt":"2020-04-30T19:33:21","slug":"nacional-puerto-plata-registra-26-nuevos-casos-covid-19-luego-acto-de-peregrinacion-auspiciado-por-el-gobierno","status":"publish","type":"post","link":"https:\/\/elpueblo.com.do\/actualidad\/salud\/nacional-puerto-plata-registra-26-nuevos-casos-covid-19-luego-acto-de-peregrinacion-auspiciado-por-el-gobierno\/636\/","title":{"rendered":"Nacional Puerto Plata registra 26 nuevos casos COVID-19 luego acto de peregrinaci\u00f3n auspiciado por el gobierno"},"content":{"rendered":"\n<h2 class=\"wp-block-heading\">SANTO DOMINGO RD.- Con los 11 casos reportados este jueves por el ministro de Salud P\u00fablica, Rafael S\u00e1nchez C\u00e1rdenas, suman 26 los diagnosticados como positivo al coronavirus en esta provincia, tras la manifestaci\u00f3n del pasado domingo encabezada por el peregrino Mildomio Adames, donde participaron miles de personas.<\/h2>\n\n\n\n<p>Ayer, S\u00e1nchez C\u00e1rdenas inform\u00f3 que habr\u00e1 que esperar por lo menos una semana para saber los posibles nuevos casos de personas contagiadas de COVID-19 tras participar en la multitudinaria peregrinaci\u00f3n realizada el pasado domingo en la provincia Puerto Plata.<\/p>\n\n\n\n<p>\u201cDel domingo al d\u00eda de hoy es imposible tener anticuerpos en ninguna de las personas que se hayan contaminado all\u00ed, de manera que necesitamos esa espera\u201d, puntualiz\u00f3 en su ya habitual rueda de prensa virtual.<\/p>\n\n\n\n<p>Igualmente, fue enf\u00e1tico en decir que todos aquellos que resulten positivos ser\u00e1n sacados de los barrios y llevados a las \u00e1reas de aislamiento establecidas en la referida demarcaci\u00f3n.<\/p>\n\n\n\n<p>En su rueda de prensa de este jueves S\u00e1nchez C\u00e1rdenas report\u00f3&nbsp;320 casos nuevos de coronavirus en el pa\u00eds, por lo que los infectados totalizan 6,972, mientras que los fallecidos ascendieron a 301 tras registrarse 8 nuevas defunciones.&nbsp;<br>&nbsp;<br>Del total de contagiados, 1,301 ya se han recuperado, de acuerdo con un bolet\u00edn le\u00eddo por el ministro de Salud P\u00fablica, Rafael S\u00e1nchez C\u00e1rdenas, en su rueda de prensa virtual diaria.&nbsp;<br>&nbsp;<br>La tasa de letalidad se ubica en 4.32 %, de acuerdo con la informaci\u00f3n, que precisa que hasta el momento en el pa\u00eds se han procesado 26,981 pruebas, de las que se han descartado 20,009.&nbsp;<\/p>\n\n\n\n<p>El peregrino asegura haber tenido una revelaci\u00f3n divina, seg\u00fan la cual deber\u00eda depositar una cruz en el mar, para hacer que Dios acabe con la pandemia de COVID-19 en el mundo.<\/p>\n\n\n\n<p>A la misma asistieron miles de personas, incluyendo muchas sin ninguna protecci\u00f3n, lo que provoc\u00f3 que las autoridades de Salud P\u00fablica realizaran un cord\u00f3n epidemiol\u00f3gico en esta demarcaci\u00f3n con el fin de evitar la propagaci\u00f3n de la enfermedad.<\/p>\n\n\n\n<p><\/p>\n","protected":false},"excerpt":{"rendered":"<p>SANTO DOMINGO RD.- Con los 11 casos reportados este jueves por el ministro de Salud P\u00fablica, Rafael S\u00e1nchez C\u00e1rdenas, suman 26 los diagnosticados como positivo al coronavirus en esta provincia, tras la manifestaci\u00f3n del pasado domingo encabezada por el peregrino Mildomio Adames, donde participaron miles de personas. Ayer, S\u00e1nchez C\u00e1rdenas inform\u00f3 que habr\u00e1 que esperar [&hellip;]<\/p>\n","protected":false},"author":2,"featured_media":637,"comment_status":"open","ping_status":"open","sticky":false,"template":"","format":"standard","meta":{"footnotes":""},"categories":[37],"tags":[],"class_list":{"0":"post-636","1":"post","2":"type-post","3":"status-publish","4":"format-standard","5":"has-post-thumbnail","7":"category-salud"},"_links":{"self":[{"href":"https:\/\/elpueblo.com.do\/api-json\/wp\/v2\/posts\/636","targetHints":{"allow":["GET"]}}],"collection":[{"href":"https:\/\/elpueblo.com.do\/api-json\/wp\/v2\/posts"}],"about":[{"href":"https:\/\/elpueblo.com.do\/api-json\/wp\/v2\/types\/post"}],"author":[{"embeddable":true,"href":"https:\/\/elpueblo.com.do\/api-json\/wp\/v2\/users\/2"}],"replies":[{"embeddable":true,"href":"https:\/\/elpueblo.com.do\/api-json\/wp\/v2\/comments?post=636"}],"version-history":[{"count":0,"href":"https:\/\/elpueblo.com.do\/api-json\/wp\/v2\/posts\/636\/revisions"}],"wp:featuredmedia":[{"embeddable":true,"href":"https:\/\/elpueblo.com.do\/api-json\/wp\/v2\/media\/637"}],"wp:attachment":[{"href":"https:\/\/elpueblo.com.do\/api-json\/wp\/v2\/media?parent=636"}],"wp:term":[{"taxonomy":"category","embeddable":true,"href":"https:\/\/elpueblo.com.do\/api-json\/wp\/v2\/categories?post=636"},{"taxonomy":"post_tag","embeddable":true,"href":"https:\/\/elpueblo.com.do\/api-json\/wp\/v2\/tags?post=636"}],"curies":[{"name":"wp","href":"https:\/\/api.w.org\/{rel}","templated":true}]}}