{"id":631,"date":"2020-04-30T14:20:08","date_gmt":"2020-04-30T18:20:08","guid":{"rendered":"https:\/\/elpueblo.com.do\/?p=631"},"modified":"2020-04-30T14:20:14","modified_gmt":"2020-04-30T18:20:14","slug":"carolina-mejia-pide-al-gobierno-una-solucion-definitiva-a-vertedero-de-duquesa","status":"publish","type":"post","link":"https:\/\/elpueblo.com.do\/actualidad\/carolina-mejia-pide-al-gobierno-una-solucion-definitiva-a-vertedero-de-duquesa\/631\/","title":{"rendered":"Carolina Mej\u00eda pide al Gobierno una soluci\u00f3n \u201cdefinitiva\u201d a vertedero de Duquesa"},"content":{"rendered":"\n<p>La nueva alcaldesa del Distrito Nacional, Carolina Mej\u00eda, en el programa la Z101, pidi\u00f3 la ma\u00f1ana de este jueves al Gobierno central una soluci\u00f3n definitiva al vertedero de Duquesa, envuelto en un incendio desde hace varios d\u00edas.\u00a0<\/p>\n\n\n\n<p>Mej\u00eda describi\u00f3 como \u201cinconcebible\u201d que, en estos tiempos, todav\u00eda se tengan vertederos a cielo abierto, al tiempo que consider\u00f3 que tal situaci\u00f3n debe solucionarse a la brevedad posible.&nbsp;<\/p>\n\n\n\n<p>\u201cYo invito, con esta situaci\u00f3n tan delicada, puesto que eso agrava todo. Incluso, peligroso tambi\u00e9n para la salud, que por favor, desde el Gobierno central, pues se hagan, o se sigan haciendo todos los esfuerzos para darle una soluci\u00f3n definitiva a Duquesa\u201d, dijo a los periodistas la funcionaria municipal.&nbsp;<\/p>\n","protected":false},"excerpt":{"rendered":"<p>La nueva alcaldesa del Distrito Nacional, Carolina Mej\u00eda, en el programa la Z101, pidi\u00f3 la ma\u00f1ana de este jueves al Gobierno central una soluci\u00f3n definitiva al vertedero de Duquesa, envuelto en un incendio desde hace varios d\u00edas.\u00a0 Mej\u00eda describi\u00f3 como \u201cinconcebible\u201d que, en estos tiempos, todav\u00eda se tengan vertederos a cielo abierto, al tiempo que [&hellip;]<\/p>\n","protected":false},"author":2,"featured_media":632,"comment_status":"open","ping_status":"open","sticky":false,"template":"","format":"standard","meta":{"footnotes":""},"categories":[32,34],"tags":[55],"class_list":{"0":"post-631","1":"post","2":"type-post","3":"status-publish","4":"format-standard","5":"has-post-thumbnail","7":"category-actualidad","8":"category-politica","9":"tag-carolina-mejia-pide-al-gobierno-una-solucion-definitiva-a-vertedero-de-duquesa"},"_links":{"self":[{"href":"https:\/\/elpueblo.com.do\/api-json\/wp\/v2\/posts\/631","targetHints":{"allow":["GET"]}}],"collection":[{"href":"https:\/\/elpueblo.com.do\/api-json\/wp\/v2\/posts"}],"about":[{"href":"https:\/\/elpueblo.com.do\/api-json\/wp\/v2\/types\/post"}],"author":[{"embeddable":true,"href":"https:\/\/elpueblo.com.do\/api-json\/wp\/v2\/users\/2"}],"replies":[{"embeddable":true,"href":"https:\/\/elpueblo.com.do\/api-json\/wp\/v2\/comments?post=631"}],"version-history":[{"count":0,"href":"https:\/\/elpueblo.com.do\/api-json\/wp\/v2\/posts\/631\/revisions"}],"wp:featuredmedia":[{"embeddable":true,"href":"https:\/\/elpueblo.com.do\/api-json\/wp\/v2\/media\/632"}],"wp:attachment":[{"href":"https:\/\/elpueblo.com.do\/api-json\/wp\/v2\/media?parent=631"}],"wp:term":[{"taxonomy":"category","embeddable":true,"href":"https:\/\/elpueblo.com.do\/api-json\/wp\/v2\/categories?post=631"},{"taxonomy":"post_tag","embeddable":true,"href":"https:\/\/elpueblo.com.do\/api-json\/wp\/v2\/tags?post=631"}],"curies":[{"name":"wp","href":"https:\/\/api.w.org\/{rel}","templated":true}]}}