{"id":620,"date":"2020-04-30T12:24:58","date_gmt":"2020-04-30T16:24:58","guid":{"rendered":"https:\/\/elpueblo.com.do\/?p=620"},"modified":"2020-05-02T10:39:06","modified_gmt":"2020-05-02T14:39:06","slug":"jairo-frias-ft-karen-monegro-estrenando-nuevo-sencillo-hoy-te-busco-mas","status":"publish","type":"post","link":"https:\/\/elpueblo.com.do\/actualidad\/jairo-frias-ft-karen-monegro-estrenando-nuevo-sencillo-hoy-te-busco-mas\/620\/","title":{"rendered":"Jairo Frias  Ft karen Monegro  Estrenando Nuevo sencillo                      -Hoy Te Busco Mas-"},"content":{"rendered":"\n<p>Santo Domingo, R.D.<\/p>\n\n\n\n<p><strong>Jairo Fr\u00edas Cantautor y Productor Musical Nacido en la Rep\u00fablica Dominicana .. cantante de m\u00fasica Cristiana<\/strong><\/p>\n\n\n\n<p><strong>El destacado compositor y productor de m\u00fasica cristiana Jairo Fr\u00edas, estrena este 1ro. de mayo su m\u00e1s reciente tema junto a Karen Monegro. Se trata de \u201cHoy te busco m\u00e1s\u201d,<\/strong> una canci\u00f3n que cuenta la situaci\u00f3n de muchos que cristianos, que tal vez con la acelerada vida que vivian hab\u00edan perdido la cercan\u00eda y comunicaci\u00f3n constante con Dios, mas hoy, vuelven a casa.<img decoding=\"async\" width=\"150\" height=\"200\" class=\"wp-image-771 lazyload\" style=\"--smush-placeholder-width: 150px; --smush-placeholder-aspect-ratio: 150\/200;width: 150px;\" data-src=\"https:\/\/elpueblo.com.do\/sources\/smush-webp\/2020\/04\/WhatsApp-Image-2020-04-30-at-11.09.50-AM-1.jpeg.webp\" alt=\"\" data-srcset=\"https:\/\/elpueblo.com.do\/sources\/smush-webp\/2020\/04\/WhatsApp-Image-2020-04-30-at-11.09.50-AM-1.jpeg.webp 960w, https:\/\/elpueblo.com.do\/sources\/smush-webp\/2020\/04\/WhatsApp-Image-2020-04-30-at-11.09.50-AM-1-225x300.jpeg.webp 225w, https:\/\/elpueblo.com.do\/sources\/smush-webp\/2020\/04\/WhatsApp-Image-2020-04-30-at-11.09.50-AM-1-768x1024.jpeg.webp 768w, https:\/\/elpueblo.com.do\/sources\/smush-webp\/2020\/04\/WhatsApp-Image-2020-04-30-at-11.09.50-AM-1-696x928.jpeg.webp 696w, https:\/\/elpueblo.com.do\/sources\/smush-webp\/2020\/04\/WhatsApp-Image-2020-04-30-at-11.09.50-AM-1-315x420.jpeg.webp 315w\" data-sizes=\"(max-width: 150px) 100vw, 150px\" src=\"data:image\/svg+xml;base64,PHN2ZyB3aWR0aD0iMSIgaGVpZ2h0PSIxIiB4bWxucz0iaHR0cDovL3d3dy53My5vcmcvMjAwMC9zdmciPjwvc3ZnPg==\" data-smush-webp-fallback=\"{&quot;data-src&quot;:&quot;https:\\\/\\\/elpueblo.com.do\\\/wp-content\\\/uploads\\\/2020\\\/04\\\/WhatsApp-Image-2020-04-30-at-11.09.50-AM-1.jpeg&quot;,&quot;data-srcset&quot;:&quot;https:\\\/\\\/elpueblo.com.do\\\/wp-content\\\/uploads\\\/2020\\\/04\\\/WhatsApp-Image-2020-04-30-at-11.09.50-AM-1.jpeg 960w, https:\\\/\\\/elpueblo.com.do\\\/wp-content\\\/uploads\\\/2020\\\/04\\\/WhatsApp-Image-2020-04-30-at-11.09.50-AM-1-225x300.jpeg 225w, https:\\\/\\\/elpueblo.com.do\\\/wp-content\\\/uploads\\\/2020\\\/04\\\/WhatsApp-Image-2020-04-30-at-11.09.50-AM-1-768x1024.jpeg 768w, https:\\\/\\\/elpueblo.com.do\\\/wp-content\\\/uploads\\\/2020\\\/04\\\/WhatsApp-Image-2020-04-30-at-11.09.50-AM-1-696x928.jpeg 696w, https:\\\/\\\/elpueblo.com.do\\\/wp-content\\\/uploads\\\/2020\\\/04\\\/WhatsApp-Image-2020-04-30-at-11.09.50-AM-1-315x420.jpeg 315w&quot;}\" \/><\/p>\n\n\n\n<p class=\"has-text-align-left\">\u201cTen\u00edamos el deseo de hacer una canci\u00f3n Karen y yo, hace ya mucho, y supimos que este era el tiempo indicado, pues justo esta canci\u00f3n habla sobre la necesidad de detenernos a buscar a Dios, de humillarnos, entregarnos a \u00e9l, y en este preciso momento en el que todos estamos afectados, mucha gente est\u00e1 buscando a Dios de coraz\u00f3n\u201d, coment\u00f3 Jairo sobre c\u00f3mo junto a su esposa Karen, idearon esta canci\u00f3n, y su motivaci\u00f3n.<img decoding=\"async\" width=\"150\" height=\"84\" class=\"wp-image-769 lazyload\" style=\"--smush-placeholder-width: 150px; --smush-placeholder-aspect-ratio: 150\/84;width: 150px;\" data-src=\"https:\/\/elpueblo.com.do\/sources\/smush-webp\/2020\/04\/WhatsApp-Image-2020-04-30-at-11.09.49-AM-1.jpeg.webp\" alt=\"\" data-srcset=\"https:\/\/elpueblo.com.do\/sources\/smush-webp\/2020\/04\/WhatsApp-Image-2020-04-30-at-11.09.49-AM-1.jpeg.webp 1280w, https:\/\/elpueblo.com.do\/sources\/smush-webp\/2020\/04\/WhatsApp-Image-2020-04-30-at-11.09.49-AM-1-300x169.jpeg.webp 300w, https:\/\/elpueblo.com.do\/sources\/smush-webp\/2020\/04\/WhatsApp-Image-2020-04-30-at-11.09.49-AM-1-1024x576.jpeg.webp 1024w, https:\/\/elpueblo.com.do\/sources\/smush-webp\/2020\/04\/WhatsApp-Image-2020-04-30-at-11.09.49-AM-1-768x432.jpeg.webp 768w, https:\/\/elpueblo.com.do\/sources\/smush-webp\/2020\/04\/WhatsApp-Image-2020-04-30-at-11.09.49-AM-1-696x385.jpeg.webp 696w, https:\/\/elpueblo.com.do\/sources\/smush-webp\/2020\/04\/WhatsApp-Image-2020-04-30-at-11.09.49-AM-1-1068x601.jpeg.webp 1068w, https:\/\/elpueblo.com.do\/sources\/smush-webp\/2020\/04\/WhatsApp-Image-2020-04-30-at-11.09.49-AM-1-747x420.jpeg.webp 747w\" data-sizes=\"(max-width: 150px) 100vw, 150px\" src=\"data:image\/svg+xml;base64,PHN2ZyB3aWR0aD0iMSIgaGVpZ2h0PSIxIiB4bWxucz0iaHR0cDovL3d3dy53My5vcmcvMjAwMC9zdmciPjwvc3ZnPg==\" data-smush-webp-fallback=\"{&quot;data-src&quot;:&quot;https:\\\/\\\/elpueblo.com.do\\\/wp-content\\\/uploads\\\/2020\\\/04\\\/WhatsApp-Image-2020-04-30-at-11.09.49-AM-1.jpeg&quot;,&quot;data-srcset&quot;:&quot;https:\\\/\\\/elpueblo.com.do\\\/wp-content\\\/uploads\\\/2020\\\/04\\\/WhatsApp-Image-2020-04-30-at-11.09.49-AM-1.jpeg 1280w, https:\\\/\\\/elpueblo.com.do\\\/wp-content\\\/uploads\\\/2020\\\/04\\\/WhatsApp-Image-2020-04-30-at-11.09.49-AM-1-300x169.jpeg 300w, https:\\\/\\\/elpueblo.com.do\\\/wp-content\\\/uploads\\\/2020\\\/04\\\/WhatsApp-Image-2020-04-30-at-11.09.49-AM-1-1024x576.jpeg 1024w, https:\\\/\\\/elpueblo.com.do\\\/wp-content\\\/uploads\\\/2020\\\/04\\\/WhatsApp-Image-2020-04-30-at-11.09.49-AM-1-768x432.jpeg 768w, https:\\\/\\\/elpueblo.com.do\\\/wp-content\\\/uploads\\\/2020\\\/04\\\/WhatsApp-Image-2020-04-30-at-11.09.49-AM-1-696x385.jpeg 696w, https:\\\/\\\/elpueblo.com.do\\\/wp-content\\\/uploads\\\/2020\\\/04\\\/WhatsApp-Image-2020-04-30-at-11.09.49-AM-1-1068x601.jpeg 1068w, https:\\\/\\\/elpueblo.com.do\\\/wp-content\\\/uploads\\\/2020\\\/04\\\/WhatsApp-Image-2020-04-30-at-11.09.49-AM-1-747x420.jpeg 747w&quot;}\" \/><\/p>\n\n\n\n<p><span style=\"background-color:#6cc1e5\" class=\"td_text_highlight_marker\"><strong>\u201cHoy te busco m\u00e1s\u201d, escrita y producida por el mismo Jairo Fr\u00edas,<\/strong> <\/span>lleva un estilo musical de balada-pop, con notas muy emocionales, de esas que llegan profundamente en esta situaci\u00f3n adversa.<\/p>\n\n\n\n<p>Jairo, quien a muy temprana edad comparti\u00f3 su arte desde la iglesia a la que iba con sus padres, ha trabajado en composiciones y arreglos musicales para importantes artistas cristianos, como son:<strong> Isabelle Valdez, Danny Berrios, Nancy Amancio y Marcos Yaroide,<\/strong> entre muchos otros.<\/p>\n\n\n\n<p>Como Cantante, ha realizado ya dos producciones musicales, sum\u00e1ndose ahora este nuevo sencillo junto a la hermosa voz de Karen Monegro, teniendo el valor agregado de que por primera graban en pareja una canci\u00f3n.<\/p>\n\n\n\n<p>\u201cHoy te busco m\u00e1s\u201d estar\u00e1 disponible en YouTube y las redes sociales de los artistas a partir de este 1ro de mayo. S\u00edguelos como @jairofriasrd y @karenmonegrofrias en sus redes.<\/p>\n\n\n\n<p><strong>Lanzamiento 1- mayo -2020 Por Youtube<\/strong><\/p>\n\n\n\n<p><strong>Tel 809-601-7553<\/strong><\/p>\n","protected":false},"excerpt":{"rendered":"<p>Santo Domingo, R.D. Jairo Fr\u00edas Cantautor y Productor Musical Nacido en la Rep\u00fablica Dominicana .. cantante de m\u00fasica Cristiana El destacado compositor y productor de m\u00fasica cristiana Jairo Fr\u00edas, estrena este 1ro. de mayo su m\u00e1s reciente tema junto a Karen Monegro. Se trata de \u201cHoy te busco m\u00e1s\u201d, una canci\u00f3n que cuenta la situaci\u00f3n [&hellip;]<\/p>\n","protected":false},"author":2,"featured_media":622,"comment_status":"open","ping_status":"open","sticky":true,"template":"","format":"standard","meta":{"footnotes":""},"categories":[32,38,39],"tags":[49,48,47,50,54,51,53,46,52],"class_list":{"0":"post-620","1":"post","2":"type-post","3":"status-publish","4":"format-standard","5":"has-post-thumbnail","7":"category-actualidad","8":"category-religion","9":"category-sociales","10":"tag-estreno-de-jairo-ft-karen","11":"tag-estreno-jairo-frias-y-karen-monegro","12":"tag-estreno-jairo-y-karen","13":"tag-ft-jairo-frias-y-karen-monegro","14":"tag-jairo-frias-hoy-te-busco-mas","15":"tag-jairo-ft-karen","16":"tag-jairo-ft-karen-hoy-te-busco-mas","17":"tag-musica-cristiana","18":"tag-noticias-jairo-frias"},"_links":{"self":[{"href":"https:\/\/elpueblo.com.do\/api-json\/wp\/v2\/posts\/620","targetHints":{"allow":["GET"]}}],"collection":[{"href":"https:\/\/elpueblo.com.do\/api-json\/wp\/v2\/posts"}],"about":[{"href":"https:\/\/elpueblo.com.do\/api-json\/wp\/v2\/types\/post"}],"author":[{"embeddable":true,"href":"https:\/\/elpueblo.com.do\/api-json\/wp\/v2\/users\/2"}],"replies":[{"embeddable":true,"href":"https:\/\/elpueblo.com.do\/api-json\/wp\/v2\/comments?post=620"}],"version-history":[{"count":0,"href":"https:\/\/elpueblo.com.do\/api-json\/wp\/v2\/posts\/620\/revisions"}],"wp:featuredmedia":[{"embeddable":true,"href":"https:\/\/elpueblo.com.do\/api-json\/wp\/v2\/media\/622"}],"wp:attachment":[{"href":"https:\/\/elpueblo.com.do\/api-json\/wp\/v2\/media?parent=620"}],"wp:term":[{"taxonomy":"category","embeddable":true,"href":"https:\/\/elpueblo.com.do\/api-json\/wp\/v2\/categories?post=620"},{"taxonomy":"post_tag","embeddable":true,"href":"https:\/\/elpueblo.com.do\/api-json\/wp\/v2\/tags?post=620"}],"curies":[{"name":"wp","href":"https:\/\/api.w.org\/{rel}","templated":true}]}}