{"id":617,"date":"2020-04-30T12:05:07","date_gmt":"2020-04-30T16:05:07","guid":{"rendered":"https:\/\/elpueblo.com.do\/?p=617"},"modified":"2020-04-30T12:05:13","modified_gmt":"2020-04-30T16:05:13","slug":"msp-se-registran-236-nuevos-casos-de-coronavirus-en-el-pais-sumando-a-6652-las-personas-contagiadas","status":"publish","type":"post","link":"https:\/\/elpueblo.com.do\/actualidad\/msp-se-registran-236-nuevos-casos-de-coronavirus-en-el-pais-sumando-a-6652-las-personas-contagiadas\/617\/","title":{"rendered":"MSP se registran 236 nuevos casos de coronavirus en el pa\u00eds, sumando a 6,652 las personas contagiadas"},"content":{"rendered":"\n<p>Pide a la poblaci\u00f3n a extremar las medidas de higiene para evitar el contagio del coronavirus<\/p>\n\n\n\n<p>Santo Domingo.- El ministro de Salud P\u00fablica, doctor Rafael S\u00e1nchez C\u00e1rdenas, inform\u00f3 este mi\u00e9rcoles que se registr\u00f3 236 nuevos casos de coronavirus en el pa\u00eds, sumando a 6,652 las personas contagiadas y 1,228 pacientes recuperados de la enfermedad de acuerdo al bolet\u00edn n\u00famero 41 que emite la Direcci\u00f3n General de Epidemiolog\u00eda.<\/p>\n\n\n\n<p>El doctor S\u00e1nchez C\u00e1rdenas se\u00f1al\u00f3 que en las \u00faltimas 24 horas se registr\u00f3 la muerte de siete personas m\u00e1s por el COVID-19, para un total de 293 descensos con una tasa de letalidad de 4.40 por ciento.<\/p>\n\n\n\n<p>Asimismo manifest\u00f3 que 59 pacientes de los 144 que se encuentran en Unidades de Cuidados Intensivos, est\u00e1n usando ventiladores mec\u00e1nicos, lo que representa un 40 por ciento.<\/p>\n\n\n\n<p>El titular de Salud dijo que hasta el momento se han procesado 25,368 pruebas de laboratorio y 18,716 casos se han descartados.<\/p>\n\n\n\n<p>Se\u00f1al\u00f3 que 144 pacientes se encuentran en UCI, lo que representa un 47.2 por ciento del total de las 305 Unidades de Cuidados Intensivos que est\u00e1n siendo monitoreadas por las autoridades sanitarias en todo el pa\u00eds.<\/p>\n\n\n\n<p>El doctor S\u00e1nchez C\u00e1rdenas inform\u00f3 que unas 1,165 pacientes positivas a la infecci\u00f3n respiratoria, se encuentran en aislamiento hospitalario y 3,966 en aislamiento domiciliario.<\/p>\n\n\n\n<p>Asimismo, el funcionario dijo que el 29 % de los fallecidos presentaban hipertensi\u00f3n arterial y el 23 % diabetes mellitus.<\/p>\n\n\n\n<p>Recuperados<\/p>\n\n\n\n<p>El titular de Salud se\u00f1al\u00f3 que por lugar de residencia, el 38.52% de los casos recuperados corresponden al Distrito Nacional, 17.51 por ciento a la provincia Santo Domingo; 10.99 por ciento a Santiago; 8.47 por ciento a San Francisco de Macor\u00eds (Duarte) y 5.29 por ciento a La Vega.<\/p>\n\n\n\n<p>El Distrito Nacional registra 1,630 personas infectadas, 473 recuperados y 38 defunciones, El Gran Santo Domingo 1, 251 contagios acumulados, 215 recuperados y 44 decesos, Santiago 816, 135 recuperados y 47 defunciones, las provincias Duarte 617, 104 recuperados y 76 defunciones y La Vega 488, 65 recuperados y 7 personas fallecidas.<\/p>\n\n\n\n<p>El ministro de Salud indic\u00f3 que las autoridades sanitarias dan seguimiento a las camas y hospitalizaciones disponibles en las provincias que sirven de indicadores para el seguimiento de la pandemia como son la provincia de Santo Domingo, Santiago y otras, el cual cuenta con 1,408 camas para pacientes de coronavirus, de las cuales hay 602 ocupadas.<\/p>\n\n\n\n<p>Medidas<\/p>\n\n\n\n<p>El ministro de Salud P\u00fablica pidi\u00f3 a la poblaci\u00f3n a no descuidarse con las medidas de higiene para prevenir el contagio por coronavirus, insisti\u00f3 que el lavado de las manos con agua y jab\u00f3n es la principal manera de evitar contraer la enfermedad.<\/p>\n\n\n\n<p>\u201cToda la poblaci\u00f3n debe usar mascarillas de manera obligatoria para el desplazamiento en \u00e1reas p\u00fablicas y a las personas con sintomatolog\u00eda del virus deben asistir a un centro de salud para los fines correspondientes\u201d, indic\u00f2.<\/p>\n\n\n\n<p>El funcionario reclam\u00f3 a los supermercados, bancos comerciales y dem\u00e1s establecimientos de servicios exigir el uso de mascarillas a sus clientes como medida de protecci\u00f3n. De igual forma pidi\u00f3 al personal de salud que deben usar los equipos de protecci\u00f3n en todas las \u00e1reas principalmente en las salas de emergencias para evitar contraer la enfermedad.<\/p>\n\n\n\n<p>El ministro de Salud insisti\u00f3 en que se debe mantener el distanciamiento f\u00edsico de uno a dos metros como una disposici\u00f3n epidemiol\u00f3gica precisa entre las personas para evitar el contagio del coronavirus.<\/p>\n\n\n\n<p>Direcci\u00f3n General de Comunicaci\u00f3n Estrat\u00e9gica<br>Ministerio de Salud P\u00fablica<br>29 de abril del 2020.<\/p>\n","protected":false},"excerpt":{"rendered":"<p>Pide a la poblaci\u00f3n a extremar las medidas de higiene para evitar el contagio del coronavirus Santo Domingo.- El ministro de Salud P\u00fablica, doctor Rafael S\u00e1nchez C\u00e1rdenas, inform\u00f3 este mi\u00e9rcoles que se registr\u00f3 236 nuevos casos de coronavirus en el pa\u00eds, sumando a 6,652 las personas contagiadas y 1,228 pacientes recuperados de la enfermedad de [&hellip;]<\/p>\n","protected":false},"author":2,"featured_media":618,"comment_status":"open","ping_status":"open","sticky":true,"template":"","format":"standard","meta":{"footnotes":""},"categories":[32,37],"tags":[],"class_list":{"0":"post-617","1":"post","2":"type-post","3":"status-publish","4":"format-standard","5":"has-post-thumbnail","7":"category-actualidad","8":"category-salud"},"_links":{"self":[{"href":"https:\/\/elpueblo.com.do\/api-json\/wp\/v2\/posts\/617","targetHints":{"allow":["GET"]}}],"collection":[{"href":"https:\/\/elpueblo.com.do\/api-json\/wp\/v2\/posts"}],"about":[{"href":"https:\/\/elpueblo.com.do\/api-json\/wp\/v2\/types\/post"}],"author":[{"embeddable":true,"href":"https:\/\/elpueblo.com.do\/api-json\/wp\/v2\/users\/2"}],"replies":[{"embeddable":true,"href":"https:\/\/elpueblo.com.do\/api-json\/wp\/v2\/comments?post=617"}],"version-history":[{"count":0,"href":"https:\/\/elpueblo.com.do\/api-json\/wp\/v2\/posts\/617\/revisions"}],"wp:featuredmedia":[{"embeddable":true,"href":"https:\/\/elpueblo.com.do\/api-json\/wp\/v2\/media\/618"}],"wp:attachment":[{"href":"https:\/\/elpueblo.com.do\/api-json\/wp\/v2\/media?parent=617"}],"wp:term":[{"taxonomy":"category","embeddable":true,"href":"https:\/\/elpueblo.com.do\/api-json\/wp\/v2\/categories?post=617"},{"taxonomy":"post_tag","embeddable":true,"href":"https:\/\/elpueblo.com.do\/api-json\/wp\/v2\/tags?post=617"}],"curies":[{"name":"wp","href":"https:\/\/api.w.org\/{rel}","templated":true}]}}