{"id":587,"date":"2020-04-27T17:08:59","date_gmt":"2020-04-27T21:08:59","guid":{"rendered":"https:\/\/elpueblo.com.do\/?p=587"},"modified":"2020-04-27T17:09:05","modified_gmt":"2020-04-27T21:09:05","slug":"ministro-administrativo-de-la-presidencia-conversa-con-lideres-empresariales-sobre-apertura-actividades-comerciales-post-coronavirus","status":"publish","type":"post","link":"https:\/\/elpueblo.com.do\/economia\/ministro-administrativo-de-la-presidencia-conversa-con-lideres-empresariales-sobre-apertura-actividades-comerciales-post-coronavirus\/587\/","title":{"rendered":"Ministro Administrativo de la Presidencia conversa con l\u00edderes empresariales sobre apertura actividades comerciales post coronavirus"},"content":{"rendered":"\n<p>El ministro Administrativo de la Presidencia, Jos\u00e9 Ram\u00f3n Peralta, se reuni\u00f3 esta tarde con l\u00edderes del sector empresarial del pa\u00eds para tratar la apertura de las actividades econ\u00f3micas post coronavirus.<\/p>\n\n\n\n<p>En el encuentro, realizado en el Sal\u00f3n Consejo de Gobierno del Palacio Nacional, participaron el presidente del Consejo Nacional de la Empresa Privada (Conep), Pedro Brache; el presidente ejecutivo del Grupo Centro Cuesta Nacional (CCN), Jos\u00e9 Miguel Gonz\u00e1lez Cuadra; el presidente de &nbsp;la Asociaci\u00f3n de Industrias de la Rep\u00fablica Dominicana (AIRD), Celso Juan Marranzini; y&nbsp;la presidenta ejecutiva del Grupo SID, Ligia Bonetti.<\/p>\n\n\n\n<p>Del mismo modo, Christopher Paniagua, presidente ejecutivo del Banco Popular Dominicano; el presidente de la Asociaci\u00f3n Dominicana de Zonas Francas (Adozona), Federico Dom\u00ednguez Aristy; el presidente de la Asociaci\u00f3n de Industriales de la Regi\u00f3n Norte (Airen), Juan Ventura; y el presidente de la Organizaci\u00f3n Nacional de Empresas Comerciales (ONEC), Mario Lama.<\/p>\n\n\n\n<p>El presidente de Claro Dominicana, Rogelio Viesca; en representaci\u00f3n de la C\u00e1mara Dominicana de Construcci\u00f3n, Michel El-Hage;<\/p>\n\n\n\n<p>as\u00ed como el presidente y la directora ejecutiva de la Confederaci\u00f3n Dominicana de la Peque\u00f1a y Mediana Empresa (CODOPYME), Issachart Burgos y Luz Estrella, tambi\u00e9n estuvieron presentes.<\/p>\n\n\n\n<p>Asistieron, adem\u00e1s, el primer vicepresidente de la Asociaci\u00f3n de Constructores y Promotores de Viviendas (Acoprovi), Jorge Montalvo; y el vicepresidente ejecutivo del CONEP, C\u00e9sar Dargam.<\/p>\n\n\n\n<p>Mientras, Jos\u00e9 Ram\u00f3n Peralta estuvo acompa\u00f1ado de los ministros de Hacienda, Donald Guerrero; de Econom\u00eda, Planificaci\u00f3n y Desarrollo, Juan Ariel Jim\u00e9nez; y de Industria y Comercio, Nelson Toca Sim\u00f3.<\/p>\n\n\n\n<p><strong>Econom\u00eda resiliente&nbsp;<\/strong><\/p>\n\n\n\n<p>El encuentro entre las autoridades del Gobierno y los l\u00edderes empresariales responden al inter\u00e9s del presidente Danilo Medina en un programa de pol\u00edticas monetarias y fiscales para reactivar el crecimiento econ\u00f3mico de los \u00faltimos a\u00f1os.<\/p>\n\n\n\n<p>La resiliencia de la econom\u00eda dominicana resistir\u00e1 los fuertes ataques creados por el<\/p>\n\n\n\n<p>coronavirus.<\/p>\n\n\n\n<p>De acuerdo al Banco Mundial, por sus s\u00f3lidos fundamentos econ\u00f3micos, la Rep\u00fablica Dominicana ser\u00e1 el \u00fanico pa\u00eds de Am\u00e9rica Latina que escapar\u00e1 a la recesi\u00f3n causada por el coronavirus.<\/p>\n\n\n\n<p><\/p>\n","protected":false},"excerpt":{"rendered":"<p>El ministro Administrativo de la Presidencia, Jos\u00e9 Ram\u00f3n Peralta, se reuni\u00f3 esta tarde con l\u00edderes del sector empresarial del pa\u00eds para tratar la apertura de las actividades econ\u00f3micas post coronavirus. En el encuentro, realizado en el Sal\u00f3n Consejo de Gobierno del Palacio Nacional, participaron el presidente del Consejo Nacional de la Empresa Privada (Conep), Pedro [&hellip;]<\/p>\n","protected":false},"author":2,"featured_media":586,"comment_status":"open","ping_status":"open","sticky":true,"template":"","format":"standard","meta":{"footnotes":""},"categories":[41],"tags":[],"class_list":{"0":"post-587","1":"post","2":"type-post","3":"status-publish","4":"format-standard","5":"has-post-thumbnail","7":"category-economia"},"_links":{"self":[{"href":"https:\/\/elpueblo.com.do\/api-json\/wp\/v2\/posts\/587","targetHints":{"allow":["GET"]}}],"collection":[{"href":"https:\/\/elpueblo.com.do\/api-json\/wp\/v2\/posts"}],"about":[{"href":"https:\/\/elpueblo.com.do\/api-json\/wp\/v2\/types\/post"}],"author":[{"embeddable":true,"href":"https:\/\/elpueblo.com.do\/api-json\/wp\/v2\/users\/2"}],"replies":[{"embeddable":true,"href":"https:\/\/elpueblo.com.do\/api-json\/wp\/v2\/comments?post=587"}],"version-history":[{"count":0,"href":"https:\/\/elpueblo.com.do\/api-json\/wp\/v2\/posts\/587\/revisions"}],"wp:featuredmedia":[{"embeddable":true,"href":"https:\/\/elpueblo.com.do\/api-json\/wp\/v2\/media\/586"}],"wp:attachment":[{"href":"https:\/\/elpueblo.com.do\/api-json\/wp\/v2\/media?parent=587"}],"wp:term":[{"taxonomy":"category","embeddable":true,"href":"https:\/\/elpueblo.com.do\/api-json\/wp\/v2\/categories?post=587"},{"taxonomy":"post_tag","embeddable":true,"href":"https:\/\/elpueblo.com.do\/api-json\/wp\/v2\/tags?post=587"}],"curies":[{"name":"wp","href":"https:\/\/api.w.org\/{rel}","templated":true}]}}