{"id":554,"date":"2020-04-27T10:17:55","date_gmt":"2020-04-27T14:17:55","guid":{"rendered":"https:\/\/elpueblo.com.do\/?p=554"},"modified":"2020-04-27T10:18:02","modified_gmt":"2020-04-27T14:18:02","slug":"puerto-plata-viola-medidas-de-propagacion-covid-19","status":"publish","type":"post","link":"https:\/\/elpueblo.com.do\/actualidad\/puerto-plata-viola-medidas-de-propagacion-covid-19\/554\/","title":{"rendered":"Puerto Plata Viola Medidas de Propagaci\u00f3n. Covid-19"},"content":{"rendered":"\n<p>Comisi\u00f3n de Alto Nivel para manejo del\u00a0<em>COVID<\/em>&#8211;<em>19<\/em>\u00a0condena acto multitudinario en\u00a0<em>Puerto Plata<\/em>. Presidencia Rep\u00fablica Dominicana.<\/p>\n\n\n\n<p>Las im\u00e1genes de centenares de personas agrupadas sin mantener el protocolo de infecci\u00f3n de 2 metros de distancia  en torno del supuesto profeta,\u00a0<strong>Mildomio Adames<\/strong>, que fueron profusamente publicadas en las redes sociales, han sido censuradas por pol\u00edticos y por la iglesia cat\u00f3lica, temiendo que este hecho contribuya a acelerar los contagios en el pa\u00eds.<\/p>\n\n\n\n<p>Adames lleg\u00f3 a Puerto Plata, en la costa norte de la Rep\u00fablica Dominicana, cargando una cruz al hombro despu\u00e9s de haber peregrinado seis d\u00edas desde su localidad, Villa Altagracia, ubicada cerca de Santo Domingo, en el sur del pa\u00eds.<\/p>\n\n\n\n<p>El peregrino afirm\u00f3 que ha tenido una revelaci\u00f3n divina, seg\u00fan la cual deber\u00eda depositar una cruz en el mar, para hacer que Dios acabe con la pandemia de COVID-19.<\/p>\n\n\n\n<p><\/p>\n\n\n\n<p><\/p>\n","protected":false},"excerpt":{"rendered":"<p>Comisi\u00f3n de Alto Nivel para manejo del\u00a0COVID&#8211;19\u00a0condena acto multitudinario en\u00a0Puerto Plata. Presidencia Rep\u00fablica Dominicana. Las im\u00e1genes de centenares de personas agrupadas sin mantener el protocolo de infecci\u00f3n de 2 metros de distancia en torno del supuesto profeta,\u00a0Mildomio Adames, que fueron profusamente publicadas en las redes sociales, han sido censuradas por pol\u00edticos y por la iglesia [&hellip;]<\/p>\n","protected":false},"author":2,"featured_media":555,"comment_status":"open","ping_status":"open","sticky":false,"template":"","format":"standard","meta":{"footnotes":""},"categories":[32,38,37],"tags":[],"class_list":{"0":"post-554","1":"post","2":"type-post","3":"status-publish","4":"format-standard","5":"has-post-thumbnail","7":"category-actualidad","8":"category-religion","9":"category-salud"},"_links":{"self":[{"href":"https:\/\/elpueblo.com.do\/api-json\/wp\/v2\/posts\/554","targetHints":{"allow":["GET"]}}],"collection":[{"href":"https:\/\/elpueblo.com.do\/api-json\/wp\/v2\/posts"}],"about":[{"href":"https:\/\/elpueblo.com.do\/api-json\/wp\/v2\/types\/post"}],"author":[{"embeddable":true,"href":"https:\/\/elpueblo.com.do\/api-json\/wp\/v2\/users\/2"}],"replies":[{"embeddable":true,"href":"https:\/\/elpueblo.com.do\/api-json\/wp\/v2\/comments?post=554"}],"version-history":[{"count":0,"href":"https:\/\/elpueblo.com.do\/api-json\/wp\/v2\/posts\/554\/revisions"}],"wp:featuredmedia":[{"embeddable":true,"href":"https:\/\/elpueblo.com.do\/api-json\/wp\/v2\/media\/555"}],"wp:attachment":[{"href":"https:\/\/elpueblo.com.do\/api-json\/wp\/v2\/media?parent=554"}],"wp:term":[{"taxonomy":"category","embeddable":true,"href":"https:\/\/elpueblo.com.do\/api-json\/wp\/v2\/categories?post=554"},{"taxonomy":"post_tag","embeddable":true,"href":"https:\/\/elpueblo.com.do\/api-json\/wp\/v2\/tags?post=554"}],"curies":[{"name":"wp","href":"https:\/\/api.w.org\/{rel}","templated":true}]}}