{"id":2613,"date":"2026-09-05T21:03:10","date_gmt":"2026-09-06T01:03:10","guid":{"rendered":"https:\/\/elpueblo.com.do\/?p=2613"},"modified":"2026-09-05T21:03:11","modified_gmt":"2026-09-06T01:03:11","slug":"david-collado-no-ha-salido-o-no-quiere-comprometerse","status":"publish","type":"post","link":"https:\/\/elpueblo.com.do\/actualidad\/david-collado-no-ha-salido-o-no-quiere-comprometerse\/2613\/","title":{"rendered":"David Collado: \u00bfno ha salido o no quiere comprometerse?"},"content":{"rendered":"\n<p class=\"wp-block-paragraph\">La competencia interna por la futura candidatura presidencial del Partido Revolucionario Moderno comienza a tomar forma alrededor de varias figuras que han sido mencionadas p\u00fablicamente como potenciales aspirantes. En ese escenario aparece David Collado, alrededor de cuyo proyecto se ha construido una narrativa particular: la afirmaci\u00f3n reiterada de que todav\u00eda \u201cno ha salido\u201d a competir.<\/p>\n\n\n\n<p class=\"wp-block-paragraph\">Pero esa narrativa abre una interrogante inevitable: \u00bfqu\u00e9 significa realmente no haber salido?<\/p>\n\n\n\n<p class=\"wp-block-paragraph\">Porque una cosa es no realizar una proclamaci\u00f3n formal y otra muy distinta es que alrededor de una figura pol\u00edtica se organicen equipos, reuniones, actividades y estructuras territoriales orientadas a promover una eventual candidatura presidencial.<\/p>\n\n\n\n<p class=\"wp-block-paragraph\">Si, como sostienen dirigentes y actores pol\u00edticos, existen comandos de apoyo a David Collado distribuidos territorialmente y personas trabajando en la articulaci\u00f3n de su proyecto, resulta leg\u00edtimo preguntarse hasta qu\u00e9 punto puede sostenerse el argumento de que todav\u00eda no existe una aspiraci\u00f3n en marcha.<\/p>\n\n\n\n<p class=\"wp-block-paragraph\">Una candidatura presidencial no comienza necesariamente el d\u00eda de su proclamaci\u00f3n. Mucho antes aparecen los contactos, la organizaci\u00f3n territorial, los equipos pol\u00edticos, la promoci\u00f3n de la figura y la construcci\u00f3n de una estructura capaz de sostenerla cuando llegue el momento formal.<\/p>\n\n\n\n<p class=\"wp-block-paragraph\">En el caso de Collado, adem\u00e1s, su posicionamiento pol\u00edtico no comenz\u00f3 ayer. Su trayectoria electoral y su exposici\u00f3n p\u00fablica se remontan a muchos a\u00f1os atr\u00e1s. Por eso, presentar su situaci\u00f3n actual simplemente como la de alguien apartado de cualquier din\u00e1mica presidencial merece, como m\u00ednimo, ser contrastado con lo que ocurre alrededor de su proyecto.<\/p>\n\n\n\n<p class=\"wp-block-paragraph\">La ausencia de la vida partidaria<\/p>\n\n\n\n<p class=\"wp-block-paragraph\">Existe, adem\u00e1s, otra dimensi\u00f3n del debate.<\/p>\n\n\n\n<p class=\"wp-block-paragraph\">Una parte de las cr\u00edticas internas no se concentra \u00fanicamente en determinar si Collado est\u00e1 o no haciendo campa\u00f1a. Tambi\u00e9n cuestiona su nivel de participaci\u00f3n en la cotidianidad pol\u00edtica del PRM.<\/p>\n\n\n\n<p class=\"wp-block-paragraph\">Sus cr\u00edticos se\u00f1alan su limitada presencia en determinadas actividades partidarias, encuentros de dirigentes y otros espacios de interacci\u00f3n pol\u00edtica. Incluso cuestionan sus ausencias en momentos institucionales o sociales importantes para la organizaci\u00f3n.<\/p>\n\n\n\n<p class=\"wp-block-paragraph\">Aqu\u00ed aparece entonces una segunda pregunta: \u00bfla decisi\u00f3n de mantenerse distante responde realmente a restricciones electorales o constituye una estrategia pol\u00edtica?<\/p>\n\n\n\n<p class=\"wp-block-paragraph\">Son asuntos diferentes.<\/p>\n\n\n\n<p class=\"wp-block-paragraph\">El cumplimiento de las disposiciones electorales no necesariamente implica abandonar la interacci\u00f3n ordinaria con los dirigentes de una organizaci\u00f3n pol\u00edtica. Una cosa son los l\u00edmites establecidos para determinadas modalidades de proselitismo y otra la participaci\u00f3n institucional de un dirigente dentro de su propio partido.<\/p>\n\n\n\n<p class=\"wp-block-paragraph\">Por eso, utilizar el argumento de que \u201ctodav\u00eda no ha salido\u201d para explicar toda ausencia pol\u00edtica puede terminar generando m\u00e1s preguntas que respuestas.<\/p>\n\n\n\n<p class=\"wp-block-paragraph\">El compromiso que implica aspirar<\/p>\n\n\n\n<p class=\"wp-block-paragraph\">Detr\u00e1s de esta discusi\u00f3n existe posiblemente un asunto todav\u00eda m\u00e1s importante: el compromiso pol\u00edtico.<\/p>\n\n\n\n<p class=\"wp-block-paragraph\">Quien aspira a dirigir un pa\u00eds no solamente necesita popularidad, posicionamiento p\u00fablico o una estructura electoral. En alg\u00fan momento necesita sentarse frente a los dirigentes, escucharlos, conocer sus preocupaciones, responder preguntas y construir relaciones pol\u00edticas.<\/p>\n\n\n\n<p class=\"wp-block-paragraph\">Eso implica exponerse.<\/p>\n\n\n\n<p class=\"wp-block-paragraph\">Implica escuchar reclamos, asumir posiciones y establecer compromisos.<\/p>\n\n\n\n<p class=\"wp-block-paragraph\">Y precisamente ah\u00ed podr\u00eda encontrarse el verdadero centro del debate alrededor de la estrategia pol\u00edtica de David Collado.<\/p>\n\n\n\n<p class=\"wp-block-paragraph\">Porque mientras se mantenga la tesis de que \u201ctodav\u00eda no ha salido\u201d, puede mantenerse tambi\u00e9n cierta distancia respecto de las obligaciones pol\u00edticas que normalmente acompa\u00f1an una aspiraci\u00f3n presidencial.<\/p>\n\n\n\n<p class=\"wp-block-paragraph\">Sin embargo, esa estrategia encuentra su l\u00edmite cuando simult\u00e1neamente aparecen estructuras trabajando para posicionar el proyecto.<\/p>\n\n\n\n<p class=\"wp-block-paragraph\">No resulta sencillo sostener indefinidamente las dos cosas: una candidatura organizada territorialmente y, al mismo tiempo, un candidato presentado como ajeno a la competencia.<\/p>\n\n\n\n<p class=\"wp-block-paragraph\">Una definici\u00f3n que tarde o temprano tendr\u00e1 que llegar<\/p>\n\n\n\n<p class=\"wp-block-paragraph\">David Collado tiene derecho a escoger el momento y la estrategia mediante los cuales defina p\u00fablicamente cualquier eventual aspiraci\u00f3n presidencial.<\/p>\n\n\n\n<p class=\"wp-block-paragraph\">Pero dentro de una organizaci\u00f3n pol\u00edtica tambi\u00e9n resulta razonable que sus dirigentes quieran saber qui\u00e9nes pretenden conducirla hacia una pr\u00f3xima elecci\u00f3n y, sobre todo, qu\u00e9 relaci\u00f3n quieren construir con las bases y estructuras del partido.<\/p>\n\n\n\n<p class=\"wp-block-paragraph\">Por eso, la discusi\u00f3n alrededor de Collado podr\u00eda terminar siendo mucho m\u00e1s profunda que determinar cu\u00e1ndo anunciar\u00e1 formalmente sus aspiraciones.<\/p>\n\n\n\n<p class=\"wp-block-paragraph\">La pregunta fundamental puede ser otra:<\/p>\n\n\n\n<p class=\"wp-block-paragraph\">\u00bfEstamos frente a un dirigente que todav\u00eda no ha comenzado su proyecto presidencial o frente a un proyecto que ya est\u00e1 funcionando, pero cuyo principal protagonista ha decidido mantenerse distante del compromiso pol\u00edtico directo que supone reconocerlo?<\/p>\n\n\n\n<p class=\"wp-block-paragraph\">Esa diferencia ser\u00e1 cada vez m\u00e1s dif\u00edcil de explicar mientras contin\u00faen creciendo las estructuras, reuniones y movimientos pol\u00edticos alrededor de su figura.<\/p>\n\n\n\n<p class=\"wp-block-paragraph\">Porque en pol\u00edtica se puede retrasar una proclamaci\u00f3n.<\/p>\n\n\n\n<p class=\"wp-block-paragraph\">Lo que resulta mucho m\u00e1s dif\u00edcil es construir una candidatura y, al mismo tiempo, convencer a todos de que todav\u00eda no existe.<\/p>\n","protected":false},"excerpt":{"rendered":"<p>La competencia interna por la futura candidatura presidencial del Partido Revolucionario Moderno comienza a tomar forma alrededor de varias figuras que han sido mencionadas p\u00fablicamente como potenciales aspirantes. En ese escenario aparece David Collado, alrededor de cuyo proyecto se ha construido una narrativa particular: la afirmaci\u00f3n reiterada de que todav\u00eda \u201cno ha salido\u201d a competir. [&hellip;]<\/p>\n","protected":false},"author":1,"featured_media":2242,"comment_status":"open","ping_status":"open","sticky":false,"template":"","format":"standard","meta":{"footnotes":""},"categories":[32],"tags":[],"class_list":["post-2613","post","type-post","status-publish","format-standard","has-post-thumbnail","category-actualidad"],"_links":{"self":[{"href":"https:\/\/elpueblo.com.do\/api-json\/wp\/v2\/posts\/2613","targetHints":{"allow":["GET"]}}],"collection":[{"href":"https:\/\/elpueblo.com.do\/api-json\/wp\/v2\/posts"}],"about":[{"href":"https:\/\/elpueblo.com.do\/api-json\/wp\/v2\/types\/post"}],"author":[{"embeddable":true,"href":"https:\/\/elpueblo.com.do\/api-json\/wp\/v2\/users\/1"}],"replies":[{"embeddable":true,"href":"https:\/\/elpueblo.com.do\/api-json\/wp\/v2\/comments?post=2613"}],"version-history":[{"count":1,"href":"https:\/\/elpueblo.com.do\/api-json\/wp\/v2\/posts\/2613\/revisions"}],"predecessor-version":[{"id":2614,"href":"https:\/\/elpueblo.com.do\/api-json\/wp\/v2\/posts\/2613\/revisions\/2614"}],"wp:featuredmedia":[{"embeddable":true,"href":"https:\/\/elpueblo.com.do\/api-json\/wp\/v2\/media\/2242"}],"wp:attachment":[{"href":"https:\/\/elpueblo.com.do\/api-json\/wp\/v2\/media?parent=2613"}],"wp:term":[{"taxonomy":"category","embeddable":true,"href":"https:\/\/elpueblo.com.do\/api-json\/wp\/v2\/categories?post=2613"},{"taxonomy":"post_tag","embeddable":true,"href":"https:\/\/elpueblo.com.do\/api-json\/wp\/v2\/tags?post=2613"}],"curies":[{"name":"wp","href":"https:\/\/api.w.org\/{rel}","templated":true}]}}