{"id":2610,"date":"2026-09-05T11:47:35","date_gmt":"2026-09-05T15:47:35","guid":{"rendered":"https:\/\/elpueblo.com.do\/?p=2610"},"modified":"2026-09-05T11:47:37","modified_gmt":"2026-09-05T15:47:37","slug":"diputado-angel-pire-sanchez-de-ocoa-anuncia-respaldo-a-carolina-mejia","status":"publish","type":"post","link":"https:\/\/elpueblo.com.do\/actualidad\/diputado-angel-pire-sanchez-de-ocoa-anuncia-respaldo-a-carolina-mejia\/2610\/","title":{"rendered":"Diputado \u00c1ngel Pire S\u00e1nchez de Ocoa anuncia respaldo a Carolina Mej\u00eda"},"content":{"rendered":"\n<p class=\"wp-block-paragraph\">El legislador de San Jos\u00e9 de Ocoa, conocido como \u201cEl Prende Estufa\u201d y quien obtuvo el 41 % de los votos en las pasadas elecciones congresuales, anunci\u00f3 su apoyo a la candidatura presidencial de Carolina Mej\u00eda.<\/p>\n\n\n\n<p class=\"wp-block-paragraph\">El Prende Estufa afirm\u00f3 que Carolina representa un sentimiento dentro del PRM y la garant\u00eda de triunfo, unidad y continuidad del partido en el Gobierno.<\/p>\n\n\n\n<p class=\"wp-block-paragraph\">Su respaldo se suma al del presidente provincial del PRM, Wilkin Mart\u00ednez, y al del alcalde Fernando Castillo, fortaleciendo la estructura del proyecto presidencial C28 en Ocoa.<\/p>\n\n\n\n<h1 class=\"wp-block-heading\">CarolinaMej\u00eda #C28<\/h1>\n","protected":false},"excerpt":{"rendered":"<p>El legislador de San Jos\u00e9 de Ocoa, conocido como \u201cEl Prende Estufa\u201d y quien obtuvo el 41 % de los votos en las pasadas elecciones congresuales, anunci\u00f3 su apoyo a la candidatura presidencial de Carolina Mej\u00eda. El Prende Estufa afirm\u00f3 que Carolina representa un sentimiento dentro del PRM y la garant\u00eda de triunfo, unidad y [&hellip;]<\/p>\n","protected":false},"author":1,"featured_media":2611,"comment_status":"open","ping_status":"open","sticky":false,"template":"","format":"standard","meta":{"footnotes":""},"categories":[32],"tags":[],"class_list":["post-2610","post","type-post","status-publish","format-standard","has-post-thumbnail","category-actualidad"],"_links":{"self":[{"href":"https:\/\/elpueblo.com.do\/api-json\/wp\/v2\/posts\/2610","targetHints":{"allow":["GET"]}}],"collection":[{"href":"https:\/\/elpueblo.com.do\/api-json\/wp\/v2\/posts"}],"about":[{"href":"https:\/\/elpueblo.com.do\/api-json\/wp\/v2\/types\/post"}],"author":[{"embeddable":true,"href":"https:\/\/elpueblo.com.do\/api-json\/wp\/v2\/users\/1"}],"replies":[{"embeddable":true,"href":"https:\/\/elpueblo.com.do\/api-json\/wp\/v2\/comments?post=2610"}],"version-history":[{"count":1,"href":"https:\/\/elpueblo.com.do\/api-json\/wp\/v2\/posts\/2610\/revisions"}],"predecessor-version":[{"id":2612,"href":"https:\/\/elpueblo.com.do\/api-json\/wp\/v2\/posts\/2610\/revisions\/2612"}],"wp:featuredmedia":[{"embeddable":true,"href":"https:\/\/elpueblo.com.do\/api-json\/wp\/v2\/media\/2611"}],"wp:attachment":[{"href":"https:\/\/elpueblo.com.do\/api-json\/wp\/v2\/media?parent=2610"}],"wp:term":[{"taxonomy":"category","embeddable":true,"href":"https:\/\/elpueblo.com.do\/api-json\/wp\/v2\/categories?post=2610"},{"taxonomy":"post_tag","embeddable":true,"href":"https:\/\/elpueblo.com.do\/api-json\/wp\/v2\/tags?post=2610"}],"curies":[{"name":"wp","href":"https:\/\/api.w.org\/{rel}","templated":true}]}}